{"id":30619,"date":"2022-04-03T15:44:59","date_gmt":"2022-04-03T14:44:59","guid":{"rendered":"http:\/\/fegrama.cat\/web\/?p=30619"},"modified":"2022-04-03T15:45:00","modified_gmt":"2022-04-03T14:45:00","slug":"sacrifici-i-esforc-sense-premi-0-1","status":"publish","type":"post","link":"http:\/\/fegrama.cat\/web\/sacrifici-i-esforc-sense-premi-0-1\/","title":{"rendered":"Sacrifici i esfor\u00e7 sense premi (0-1)"},"content":{"rendered":"\n<p>Immerescuda derrota de la Fundaci\u00f3 Esportiva Grama per 0-1 davant el Girona FC \u2018B\u2019. Gran feina, joc, sacrifici i esfor\u00e7 dels de Santa Coloma que van mer\u00e8ixer millor resultat. En un dia grandi\u00f3s ja que es va aconseguir recaptar un total de 900\u20ac \u00edntegrament lliurats a l&#8217;AVV Riu Sud les activitats infantils.<\/p>\n\n\n\n<div class=\"wp-block-image\"><figure class=\"aligncenter size-large\"><img loading=\"lazy\" decoding=\"async\" width=\"1024\" height=\"682\" src=\"https:\/\/fegrama.cat\/web\/wp-content\/uploads\/2022\/04\/WhatsApp-Image-2022-04-03-at-4.38.22-PM-1024x682.jpeg\" alt=\"\" class=\"wp-image-30622\" srcset=\"http:\/\/fegrama.cat\/web\/wp-content\/uploads\/2022\/04\/WhatsApp-Image-2022-04-03-at-4.38.22-PM-1024x682.jpeg 1024w, http:\/\/fegrama.cat\/web\/wp-content\/uploads\/2022\/04\/WhatsApp-Image-2022-04-03-at-4.38.22-PM-300x200.jpeg 300w, http:\/\/fegrama.cat\/web\/wp-content\/uploads\/2022\/04\/WhatsApp-Image-2022-04-03-at-4.38.22-PM-768x512.jpeg 768w, http:\/\/fegrama.cat\/web\/wp-content\/uploads\/2022\/04\/WhatsApp-Image-2022-04-03-at-4.38.22-PM-1536x1023.jpeg 1536w, http:\/\/fegrama.cat\/web\/wp-content\/uploads\/2022\/04\/WhatsApp-Image-2022-04-03-at-4.38.22-PM.jpeg 1600w\" sizes=\"auto, (max-width: 1024px) 100vw, 1024px\" \/><\/figure><\/div>\n\n\n\n<p>La Grama va fer una seriosa primera meitat, molta feina f\u00edsica i defensiva per contenir un rival jove i amb molta qualitat. Els colomencs no es van arronsar i tamb\u00e9 van buscar el gol. Guiseris al 10\u2032 va apar\u00e8ixer amb una bona estirada a baix, la seva primera part va ser de \u201910\u2019.<\/p>\n\n\n\n<p>La m\u00e9s clara de la Grama la tindria Montalb\u00e1n despr\u00e9s d&#8217;una pilota penjada a l&#8217;\u00e0rea per Fran i rematada de cap per Akrong, malauradament a la l\u00ednia de gol el Girona B salvava el gol (32\u2032). Despr\u00e9s d&#8217;aix\u00f2 reacci\u00f3 del filial amb dues fuetades ben resoltes per Guiseris.<\/p>\n\n\n\n<p>Al descans 0-0, un gran resultat, la Grama va saber aguantar el domini giron\u00ed i jugar de tu a tu. Despr\u00e9s del pas per vestidors va entrar al camp Antonicelli per Akrong i la Grama, que ja havia fet un pas endavant en els \u00faltims minuts del primer temps, va aconseguir el domini absolut per\u00f2 abans Solsona sota pals va evitar un gol.<\/p>\n\n\n\n<div class=\"wp-block-image\"><figure class=\"aligncenter size-large\"><img loading=\"lazy\" decoding=\"async\" width=\"1024\" height=\"682\" src=\"https:\/\/fegrama.cat\/web\/wp-content\/uploads\/2022\/04\/WhatsApp-Image-2022-04-03-at-4.39.32-PM-1024x682.jpeg\" alt=\"\" class=\"wp-image-30623\" srcset=\"http:\/\/fegrama.cat\/web\/wp-content\/uploads\/2022\/04\/WhatsApp-Image-2022-04-03-at-4.39.32-PM-1024x682.jpeg 1024w, http:\/\/fegrama.cat\/web\/wp-content\/uploads\/2022\/04\/WhatsApp-Image-2022-04-03-at-4.39.32-PM-300x200.jpeg 300w, http:\/\/fegrama.cat\/web\/wp-content\/uploads\/2022\/04\/WhatsApp-Image-2022-04-03-at-4.39.32-PM-768x512.jpeg 768w, http:\/\/fegrama.cat\/web\/wp-content\/uploads\/2022\/04\/WhatsApp-Image-2022-04-03-at-4.39.32-PM-1536x1023.jpeg 1536w, http:\/\/fegrama.cat\/web\/wp-content\/uploads\/2022\/04\/WhatsApp-Image-2022-04-03-at-4.39.32-PM.jpeg 1600w\" sizes=\"auto, (max-width: 1024px) 100vw, 1024px\" \/><\/figure><\/div>\n\n\n\n<p>La Grama va tancar gran part de la segona meitat al filial, buscant el gol, llan\u00e7ada en atac tant que amb el pas dels minuts va anar arriscant m\u00e9s. Sota pals de nou es va salvar el Girona B al 51\u2032 quan el porter salvava una centrada-xut de Monterde que es va enverinar amb diversos rebots.<\/p>\n\n\n\n<p>La Grama tornaria a tenir una altra ocasi\u00f3 tamb\u00e9 sense resoldre i despr\u00e9s va comen\u00e7ar a arribar la pol\u00e8mica: un possible penal sobre Roger Garc\u00eda i al 88\u2032 una falta a la banda molt clara sobre Rubi no assenyalada ni per ell ni pel seu assistent acabaria en un contraatac del Girona B acabat en gol.<\/p>\n\n\n\n<p>Per\u00f2 no va quedar aqu\u00ed la cosa, poc despr\u00e9s Molins era enderrocat dins de l&#8217;\u00e0rea en un clar penal que no va assenyalar i per tancar el partit va expulsar per segona groga Montalb\u00e1n, arribant a mostrar fins a 7 cartolines als locals. En resum, la Grama va mer\u00e8ixer molt m\u00e9s i no perdre.<\/p>\n\n\n\n<figure class=\"wp-block-image size-large\"><img loading=\"lazy\" decoding=\"async\" width=\"1024\" height=\"682\" src=\"https:\/\/fegrama.cat\/web\/wp-content\/uploads\/2022\/04\/WhatsApp-Image-2022-04-03-at-4.38.56-PM-1024x682.jpeg\" alt=\"\" class=\"wp-image-30624\" srcset=\"http:\/\/fegrama.cat\/web\/wp-content\/uploads\/2022\/04\/WhatsApp-Image-2022-04-03-at-4.38.56-PM-1024x682.jpeg 1024w, http:\/\/fegrama.cat\/web\/wp-content\/uploads\/2022\/04\/WhatsApp-Image-2022-04-03-at-4.38.56-PM-300x200.jpeg 300w, http:\/\/fegrama.cat\/web\/wp-content\/uploads\/2022\/04\/WhatsApp-Image-2022-04-03-at-4.38.56-PM-768x512.jpeg 768w, http:\/\/fegrama.cat\/web\/wp-content\/uploads\/2022\/04\/WhatsApp-Image-2022-04-03-at-4.38.56-PM-1536x1023.jpeg 1536w, http:\/\/fegrama.cat\/web\/wp-content\/uploads\/2022\/04\/WhatsApp-Image-2022-04-03-at-4.38.56-PM.jpeg 1600w\" sizes=\"auto, (max-width: 1024px) 100vw, 1024px\" \/><\/figure>\n\n\n\n<p>Inmerecida derrota de la Fundaci\u00f3 Esportiva Grama por 0-1 ante el Girona FC &#8216;B&#8217;. Gran trabajo, juego, sacrificio y esfuerzo de los de Santa Coloma que merecieron mejor resultado. En un d\u00eda grandioso ya que se logr\u00f3 recaudar un total de 900\u20ac \u00edntegramente entregados a la AVV Riu Sud las actividades infantiles.<\/p>\n\n\n\n<p>La Grama hizo una seria primera mitad, mucho trabajo f\u00edsico y defensivo para contener a un rival joven y con mucha calidad. Los colomenses no se arrugaron y tambi\u00e9n buscaron el gol. Guiseris en el 10&#8242; apareci\u00f3 con una buena estirada a bajo, su primera parte fue de &#8217;10&#8217;. <\/p>\n\n\n\n<p>La m\u00e1s clara de la Grama la tendr\u00eda Montalb\u00e1n tras un bal\u00f3n colgado al \u00e1rea por Fran y cabeceado por Akrong, desgraciadamente en la l\u00ednea de gol el Girona B salvaba el gol (32&#8242;). Tras eso reacci\u00f3n del filial con dos latigazos bien resueltos por Guiseris.<\/p>\n\n\n\n<p>Al descanso 0-0, un gran resultado la Grama supo aguantar el dominio gerundense y supo jugarle de t\u00fa a t\u00fa. Tras el paso por vestuarios entr\u00f3 al campo Antonicelli por Akrong y la Grama que ya hab\u00eda dado un paso adelante en los \u00faltimos minutos del primer tiempo se hizo con el dominio absoluto, pero antes Solsona bajo palos evit\u00f3 un gol.<\/p>\n\n\n\n<p>La Grama encerr\u00f3 gran parte de la segunda mitad al filial, buscando el gol, lanzada en ataque tanto que con el paso de los minutos fue arriesgando m\u00e1s. Bajo palos de nuevo se salv\u00f3 el Girona B en el 51&#8242; cuando el portero salvaba un centro-chut de Monterde que se enveneno con varios rebotes.<\/p>\n\n\n\n<p>La Grama volver\u00eda a tener otra ocasi\u00f3n tambi\u00e9n sin resolver y despu\u00e9s empez\u00f3 a llegar la pol\u00e9mica: un posible penalti sobre Roger Garc\u00eda y en el 88&#8242; una falta en la banda muy clara sobre Rubi no se\u00f1alada ni por \u00e9l ni por su asistente terminar\u00eda en un contraataque del Girona B terminado en gol.<\/p>\n\n\n\n<p>Pero no qued\u00f3 aqu\u00ed la cosa, poco despu\u00e9s Molins era derribado dentro del \u00e1rea en un claro penalti que no se\u00f1al\u00f3 y para cerrar el partido expuls\u00f3 por segunda amarilla a Montalb\u00e1n, llegando a mostrar hasta 7 cartulinas a los locales. En resumen, la Grama mereci\u00f3 mucho m\u00e1s y no perder.<\/p>\n","protected":false},"excerpt":{"rendered":"<p>Immerescuda derrota de la Fundaci\u00f3 Esportiva Grama per 0-1 davant el Girona FC \u2018B\u2019. Gran feina, joc, sacrifici i esfor\u00e7 dels de Santa Coloma que van mer\u00e8ixer millor resultat. En un dia grandi\u00f3s ja que es va aconseguir recaptar un total de 900\u20ac \u00edntegrament lliurats a l&#8217;AVV Riu Sud les activitats infantils. La Grama va [&hellip;]<\/p>\n","protected":false},"author":1,"featured_media":30624,"comment_status":"closed","ping_status":"closed","sticky":false,"template":"","format":"standard","meta":{"footnotes":""},"categories":[14,5],"tags":[],"class_list":["post-30619","post","type-post","status-publish","format-standard","has-post-thumbnail","hentry","category-noticies","category-primer-equip"],"_links":{"self":[{"href":"http:\/\/fegrama.cat\/web\/wp-json\/wp\/v2\/posts\/30619","targetHints":{"allow":["GET"]}}],"collection":[{"href":"http:\/\/fegrama.cat\/web\/wp-json\/wp\/v2\/posts"}],"about":[{"href":"http:\/\/fegrama.cat\/web\/wp-json\/wp\/v2\/types\/post"}],"author":[{"embeddable":true,"href":"http:\/\/fegrama.cat\/web\/wp-json\/wp\/v2\/users\/1"}],"replies":[{"embeddable":true,"href":"http:\/\/fegrama.cat\/web\/wp-json\/wp\/v2\/comments?post=30619"}],"version-history":[{"count":3,"href":"http:\/\/fegrama.cat\/web\/wp-json\/wp\/v2\/posts\/30619\/revisions"}],"predecessor-version":[{"id":30625,"href":"http:\/\/fegrama.cat\/web\/wp-json\/wp\/v2\/posts\/30619\/revisions\/30625"}],"wp:featuredmedia":[{"embeddable":true,"href":"http:\/\/fegrama.cat\/web\/wp-json\/wp\/v2\/media\/30624"}],"wp:attachment":[{"href":"http:\/\/fegrama.cat\/web\/wp-json\/wp\/v2\/media?parent=30619"}],"wp:term":[{"taxonomy":"category","embeddable":true,"href":"http:\/\/fegrama.cat\/web\/wp-json\/wp\/v2\/categories?post=30619"},{"taxonomy":"post_tag","embeddable":true,"href":"http:\/\/fegrama.cat\/web\/wp-json\/wp\/v2\/tags?post=30619"}],"curies":[{"name":"wp","href":"https:\/\/api.w.org\/{rel}","templated":true}]}}