{"id":3060,"date":"2014-03-31T08:19:20","date_gmt":"2014-03-31T07:19:20","guid":{"rendered":"http:\/\/fegrama.cat\/web\/?p=3060"},"modified":"2014-03-30T16:29:02","modified_gmt":"2014-03-30T15:29:02","slug":"el-benjami-c-de-la-fegrama-venc-a-santa-coloma-a-la-penya-barcelonista-cinc-copes-per-6-3","status":"publish","type":"post","link":"http:\/\/fegrama.cat\/web\/el-benjami-c-de-la-fegrama-venc-a-santa-coloma-a-la-penya-barcelonista-cinc-copes-per-6-3\/","title":{"rendered":"El Benjam\u00ed C de la FEGrama ven\u00e7 a Santa Coloma a la Penya Barcelonista Cinc Copes per 6-3"},"content":{"rendered":"<p>El Benjam\u00ed C de la FEGrama ha guanyat a la Penya Barcelonista Cinc Copes per 6-3.<\/p>\n<p>Malgrat avant\u00e7ar-se visitant del Cinc Copes, l&#8217;empat va arribar aviat amb el gol de Joel Gerard Bail\u00f3n. Javier Peralta va marcar el 2-1 per la Fundaci\u00f3 Grama.<\/p>\n<p>Encara que els visitants van retallar dist\u00e0ncies, 3-2, Ronald Amador faria el 4-2 i Antonio Ferreira el 5-2. El definitiu marcador de 6-3 el realitzaria el segon particular d&#8217;Antonio Ferreira.<\/p>\n<p>El conjunt visitant, onz\u00e8 a la classificaci\u00f3 amb 18 punts, ha servit d&#8217;esper\u00f3 al conjunt de la Fundaci\u00f3 Grama de la derrota de la setmana passada davant el Collblanc per un ajustat 5-4.<\/p>\n<p>Aix\u00ed que amb aquests tres punts aconseguits l&#8217;equip de Santa Coloma segueix a la cinquena posici\u00f3 encara que la dist\u00e0ncia amb el rival directe del Collblanc es va retallar a nom\u00e8s dos punts.<\/p>\n<p>Els joves jugadors de la Fundaci\u00f3 Grama sumen tres vict\u00f2ries de cinc \u00faltimes jornades.<\/p>\n<p>A la jornada 23, el conjunt de la FEG dirigit per Lautaro Rosales aniran al Municipal de Lloreda, tretz\u00e8 a la classificaci\u00f3 amb 12 punts, el dissabte 5 d&#8217;abril a les 10:15 hores.<\/p>\n<p>[divider]<\/p>\n<p>[button color=\u00bbblue\u00bb size=\u00bbsmall\u00bb link=\u00bbhttp:\/\/www.fcf.cat\/pnfg\/NFG_CmpJornada?cod_primaria=1000120&amp;CodCompeticion=18473318&amp;CodGrupo=18680379&amp;CodTemporada=9&amp;CodJornada=10&#8243; target=\u00bbblank\u00bb ]Resultats[\/button]<\/p>\n<p>[button color=\u00bbblue\u00bb size=\u00bbsmall\u00bb link=\u00bbhttp:\/\/www.fcf.cat\/pnfg\/NPcd\/NFG_VisClasificacion?cod_primaria=1000120&amp;codgrupo=18680379&amp;codcompeticion=18473318&#8243; target=\u00bbblank\u00bb ]Classificaci\u00f3[\/button]<\/p>\n<p>El Benjam\u00edn C de la FEGRAM ha ganado a la Pe\u00f1a Barcelonista Cinco Copas por 6-3 .<\/p>\n<p>Pese adelant\u00e1ndose visitante del Cinco Copas, el empate lleg\u00f3 pronto con el gol de Joel Gerard Bail\u00f3n . Javier Peralta marc\u00f3 el 2-1 por la Fundaci\u00f3n Grama .<\/p>\n<p>Aunque los visitantes recortaron distancias , 3-2 , Ronald Amador har\u00eda el 4-2 y Antonio Ferreira el 5-2 . El definitivo marcador de 6-3 el realizar\u00eda el segundo particular de Antonio Ferreira .<\/p>\n<p>El conjunto visitante , und\u00e9cimo en la clasificaci\u00f3n con 18 puntos , ha servido de acicate al conjunto de la Fundaci\u00f3n Grama de la derrota de la semana pasada ante el Collblanc por un ajustado 5-4.<\/p>\n<p>As\u00ed que con estos tres puntos conseguidos el equipo de Santa Coloma sigue a la quinta posici\u00f3n aunque la distancia con el rival directo del Collblanc se recort\u00f3 a s\u00f3lo dos puntos .<\/p>\n<p>Los j\u00f3venes jugadores de la Fundaci\u00f3n Grama suman tres victorias de cinco \u00faltimas jornadas .<\/p>\n<p>En la jornada 23, el conjunto de la FEG dirigido por Lautaro Rosales ir\u00e1n al Municipal de Lloreda , decimotercero en la clasificaci\u00f3n con 12 puntos , el s\u00e1bado 5 de abril a las 10:15 horas .<\/p>\n<p><strong>Visca l&#8217;Esperit Grama!!!<\/strong><\/p>\n","protected":false},"excerpt":{"rendered":"<p>El Benjam\u00ed C de la FEGrama ha guanyat a la Penya Barcelonista Cinc Copes per 6-3. Malgrat avant\u00e7ar-se visitant del Cinc Copes, l&#8217;empat va arribar aviat amb el gol de Joel Gerard Bail\u00f3n. Javier Peralta va marcar el 2-1 per la Fundaci\u00f3 Grama. Encara que els visitants van retallar dist\u00e0ncies, 3-2, Ronald Amador faria el [&hellip;]<\/p>\n","protected":false},"author":1,"featured_media":0,"comment_status":"closed","ping_status":"closed","sticky":false,"template":"","format":"standard","meta":{"footnotes":""},"categories":[4,11],"tags":[],"class_list":["post-3060","post","type-post","status-publish","format-standard","hentry","category-base-inclusiu","category-benjamins"],"_links":{"self":[{"href":"http:\/\/fegrama.cat\/web\/wp-json\/wp\/v2\/posts\/3060","targetHints":{"allow":["GET"]}}],"collection":[{"href":"http:\/\/fegrama.cat\/web\/wp-json\/wp\/v2\/posts"}],"about":[{"href":"http:\/\/fegrama.cat\/web\/wp-json\/wp\/v2\/types\/post"}],"author":[{"embeddable":true,"href":"http:\/\/fegrama.cat\/web\/wp-json\/wp\/v2\/users\/1"}],"replies":[{"embeddable":true,"href":"http:\/\/fegrama.cat\/web\/wp-json\/wp\/v2\/comments?post=3060"}],"version-history":[{"count":1,"href":"http:\/\/fegrama.cat\/web\/wp-json\/wp\/v2\/posts\/3060\/revisions"}],"predecessor-version":[{"id":3062,"href":"http:\/\/fegrama.cat\/web\/wp-json\/wp\/v2\/posts\/3060\/revisions\/3062"}],"wp:attachment":[{"href":"http:\/\/fegrama.cat\/web\/wp-json\/wp\/v2\/media?parent=3060"}],"wp:term":[{"taxonomy":"category","embeddable":true,"href":"http:\/\/fegrama.cat\/web\/wp-json\/wp\/v2\/categories?post=3060"},{"taxonomy":"post_tag","embeddable":true,"href":"http:\/\/fegrama.cat\/web\/wp-json\/wp\/v2\/tags?post=3060"}],"curies":[{"name":"wp","href":"https:\/\/api.w.org\/{rel}","templated":true}]}}