{"id":30598,"date":"2022-03-28T15:32:59","date_gmt":"2022-03-28T14:32:59","guid":{"rendered":"http:\/\/fegrama.cat\/web\/?p=30598"},"modified":"2022-03-28T15:32:59","modified_gmt":"2022-03-28T14:32:59","slug":"el-juvenil-b-amb-falta-dactitud-pero-revertira-la-situacio-mes-aviat-que-tard","status":"publish","type":"post","link":"http:\/\/fegrama.cat\/web\/el-juvenil-b-amb-falta-dactitud-pero-revertira-la-situacio-mes-aviat-que-tard\/","title":{"rendered":"El Juvenil \u00abB\u00bb amb falta d&#8217;actitud, per\u00f2 revertir\u00e0 la situaci\u00f3 m\u00e9s aviat que tard."},"content":{"rendered":"\n<p><strong>Premier 2 &#8211; Juvenil \u201cB\u201d 1<\/strong><\/p>\n\n\n\n<p>Partit m\u00e9s fluix de tota la temporada. L&#8217;equip reacciona \u00fanicament als \u00faltims deu minuts de la primera part i no \u00e9s capa\u00e7 d&#8217;establir-se a camp contrari en cap moment ni generar ocasions. Els errors individuals defensius i de cara a gol passen factura. A m\u00e9s, \u00e9s del tot necessari destacar que certes actituds deixen molt que desitjar. Per competir s\u2019ha de tenir actitud i ganes de menjar-se la gespa des del minut 0 de partit. Cal revertir la situaci\u00f3 des del primer entrenament de la setmana.<\/p>\n\n\n\n<p><\/p>\n\n\n\n<hr class=\"wp-block-separator\"\/>\n\n\n\n<p><\/p>\n\n\n\n<p><strong>Premier 2 &#8211; Juvenil \u201cB\u201d 1<\/strong><\/p>\n\n\n\n<p>Partido m\u00e1s flojo de toda la temporada. El equipo reacciona \u00fanicamente en los \u00faltimos diez minutos de la primera parte y no es capaz de establecerse en campo contrario en ning\u00fan momento ni generar ocasiones. Los errores individuales defensivos y de cara a gol pasan factura. Adem\u00e1s, es del todo necesario destacar que ciertas actitudes dejan mucho que desear. Para competir se tiene que tener actitud y ganas de comerse el c\u00e9sped desde el minuto 0 de partido. Hay que revertir la situaci\u00f3n desde el primer entrenamiento de la semana.<\/p>\n","protected":false},"excerpt":{"rendered":"<p>Premier 2 &#8211; Juvenil \u201cB\u201d 1 Partit m\u00e9s fluix de tota la temporada. L&#8217;equip reacciona \u00fanicament als \u00faltims deu minuts de la primera part i no \u00e9s capa\u00e7 d&#8217;establir-se a camp contrari en cap moment ni generar ocasions. Els errors individuals defensius i de cara a gol passen factura. A m\u00e9s, \u00e9s del tot necessari [&hellip;]<\/p>\n","protected":false},"author":1,"featured_media":30531,"comment_status":"closed","ping_status":"closed","sticky":false,"template":"","format":"standard","meta":{"footnotes":""},"categories":[4,6],"tags":[],"class_list":["post-30598","post","type-post","status-publish","format-standard","has-post-thumbnail","hentry","category-base-inclusiu","category-juvenils"],"_links":{"self":[{"href":"http:\/\/fegrama.cat\/web\/wp-json\/wp\/v2\/posts\/30598","targetHints":{"allow":["GET"]}}],"collection":[{"href":"http:\/\/fegrama.cat\/web\/wp-json\/wp\/v2\/posts"}],"about":[{"href":"http:\/\/fegrama.cat\/web\/wp-json\/wp\/v2\/types\/post"}],"author":[{"embeddable":true,"href":"http:\/\/fegrama.cat\/web\/wp-json\/wp\/v2\/users\/1"}],"replies":[{"embeddable":true,"href":"http:\/\/fegrama.cat\/web\/wp-json\/wp\/v2\/comments?post=30598"}],"version-history":[{"count":1,"href":"http:\/\/fegrama.cat\/web\/wp-json\/wp\/v2\/posts\/30598\/revisions"}],"predecessor-version":[{"id":30601,"href":"http:\/\/fegrama.cat\/web\/wp-json\/wp\/v2\/posts\/30598\/revisions\/30601"}],"wp:featuredmedia":[{"embeddable":true,"href":"http:\/\/fegrama.cat\/web\/wp-json\/wp\/v2\/media\/30531"}],"wp:attachment":[{"href":"http:\/\/fegrama.cat\/web\/wp-json\/wp\/v2\/media?parent=30598"}],"wp:term":[{"taxonomy":"category","embeddable":true,"href":"http:\/\/fegrama.cat\/web\/wp-json\/wp\/v2\/categories?post=30598"},{"taxonomy":"post_tag","embeddable":true,"href":"http:\/\/fegrama.cat\/web\/wp-json\/wp\/v2\/tags?post=30598"}],"curies":[{"name":"wp","href":"https:\/\/api.w.org\/{rel}","templated":true}]}}