{"id":30594,"date":"2022-03-28T09:59:35","date_gmt":"2022-03-28T08:59:35","guid":{"rendered":"http:\/\/fegrama.cat\/web\/?p=30594"},"modified":"2022-04-01T17:46:23","modified_gmt":"2022-04-01T16:46:23","slug":"gran-victoria-del-juvenil-a-1-2","status":"publish","type":"post","link":"http:\/\/fegrama.cat\/web\/gran-victoria-del-juvenil-a-1-2\/","title":{"rendered":"Gran vict\u00f2ria del Juvenil A (1-2)"},"content":{"rendered":"\n<p>Gran vict\u00f2ria del Juvenil A en un camp sempre complicat com \u00e9s el Municipal de l\u2019Energia, 1-2 davant la UE Sants.<\/p>\n\n\n\n<p>Primera part irregular dels colomencs, al minut 6 un gol\u00e0s del central Miki avan\u00e7ava els de Santa Coloma, minuts despr\u00e9s Oliver i Iker Merino tenien dues oportunitats per fer el 0-2 per\u00f2 dues ocasions eren aturades pel porter local.<\/p>\n\n\n\n<p>A partir del minut 15, reacci\u00f3 del Sants que a base d&#8217;accions a pilota parada, s&#8217;aproximava a la porteria de Marcos. I tant va el c\u00e0ntir a la font, que al minut 36 en una d&#8217;aquelles faltes a pilota parada, el Sants pica de cap una pilota a la xarxa posant l&#8217;1-1 al marcador amb qu\u00e8 s&#8217;arribava al descans.<\/p>\n\n\n\n<p>A la segona meitat bona reacci\u00f3 dels blaus que es van fer amos de la pilota i del joc. Bafode en dues ocasions i Iker Merino posaven en dificultats la defensa verd-i-blanca, sobre la ratlla treia un defensor un copejament del punta Bafode. I al minut 65, en una gran jugada individual d&#8217;Iker Merino, l&#8217;extrem colomenc sortejava dos rivals i travessava l&#8217;esf\u00e8ric al fons de les malles.<\/p>\n\n\n\n<p>Seguia el setge de la Grama que buscaven el tercer davant d&#8217;un Sants que generava poc perill. Al minut 82 s\u00ed que el porter Marcos en un u per un davant el punta Oussama li arrabassava la pilota dels peus. Instants finals, on els de Barcelona penjaven pilotes a la desesperada, i les de Manu Pel\u00e1ez defensaven b\u00e9 la seva \u00e0rea i aconseguien els 3 punts.<\/p>\n\n\n\n<div class=\"wp-block-image\"><figure class=\"aligncenter size-large\"><img loading=\"lazy\" decoding=\"async\" width=\"768\" height=\"1024\" src=\"https:\/\/fegrama.cat\/web\/wp-content\/uploads\/2022\/03\/WhatsApp-Image-2022-03-27-at-15.53.45-768x1024.jpeg\" alt=\"\" class=\"wp-image-30596\" srcset=\"http:\/\/fegrama.cat\/web\/wp-content\/uploads\/2022\/03\/WhatsApp-Image-2022-03-27-at-15.53.45-768x1024.jpeg 768w, http:\/\/fegrama.cat\/web\/wp-content\/uploads\/2022\/03\/WhatsApp-Image-2022-03-27-at-15.53.45-225x300.jpeg 225w, http:\/\/fegrama.cat\/web\/wp-content\/uploads\/2022\/03\/WhatsApp-Image-2022-03-27-at-15.53.45-1152x1536.jpeg 1152w, http:\/\/fegrama.cat\/web\/wp-content\/uploads\/2022\/03\/WhatsApp-Image-2022-03-27-at-15.53.45.jpeg 1536w\" sizes=\"auto, (max-width: 768px) 100vw, 768px\" \/><\/figure><\/div>\n\n\n\n<p>Gran victoria del Juvenil A en un campo siempre complicado como es el Municipal de l&#8217;Energia, 1-2 ante la UE Sants.<\/p>\n\n\n\n<p>Primera parte irregular de los colomenses, en el minuto 6 un golazo del central Miki adelantaba a los de Santa Coloma, minutos despu\u00e9s Oliver e Iker Merino ten\u00edan dos oportunidades para hacer el 0-2 pero sendas ocasiones eran atajadas por el portero local. <\/p>\n\n\n\n<p>A partir del minuto 15 reacci\u00f3n del Sants que a base de acciones a bal\u00f3n parado, se aproximaba a la porter\u00eda de Marcos. Y tanto va el c\u00e1ntaro a la fuente, que en el minuto 36 en una de esas faltas a bal\u00f3n parado, el Sants cabeceaba un bal\u00f3n a la red poniendo el 1-1 en el marcador con el que se llegaba al descanso.<\/p>\n\n\n\n<p>En la segunda mitad buena reacci\u00f3n de los azules que se hicieron due\u00f1os del bal\u00f3n y del juego. Bafode en dos ocasiones e Iker Merino pon\u00edan en apuros a la defensa verdiblanca, sobre la raya sacaba un defensor un golpeo del punta Bafode. Y en el minuto 65, en una gran jugada individual de Iker Merino, el extremo colomense sorteaba a dos rivales y cruzaba el esf\u00e9rico al fondo de las mallas. <\/p>\n\n\n\n<p>Segu\u00eda el asedio de la Grama que buscaban el tercero ante un Sants que generaba poco peligro. En el minuto 82 s\u00ed que el guardameta Marcos en un uno para uno ante el punta Oussama le arrebataba el bal\u00f3n de los pies. Instantes finales, donde los de Barcelona colgaban balones a la desesperada, y los de Manu Pel\u00e1ez defend\u00edan bien su \u00e1rea y se hac\u00edan con los 3 puntos.<\/p>\n","protected":false},"excerpt":{"rendered":"<p>Gran vict\u00f2ria del Juvenil A en un camp sempre complicat com \u00e9s el Municipal de l\u2019Energia, 1-2 davant la UE Sants. Primera part irregular dels colomencs, al minut 6 un gol\u00e0s del central Miki avan\u00e7ava els de Santa Coloma, minuts despr\u00e9s Oliver i Iker Merino tenien dues oportunitats per fer el 0-2 per\u00f2 dues ocasions [&hellip;]<\/p>\n","protected":false},"author":1,"featured_media":30596,"comment_status":"closed","ping_status":"closed","sticky":false,"template":"","format":"standard","meta":{"footnotes":""},"categories":[4,6,14],"tags":[],"class_list":["post-30594","post","type-post","status-publish","format-standard","has-post-thumbnail","hentry","category-base-inclusiu","category-juvenils","category-noticies"],"_links":{"self":[{"href":"http:\/\/fegrama.cat\/web\/wp-json\/wp\/v2\/posts\/30594","targetHints":{"allow":["GET"]}}],"collection":[{"href":"http:\/\/fegrama.cat\/web\/wp-json\/wp\/v2\/posts"}],"about":[{"href":"http:\/\/fegrama.cat\/web\/wp-json\/wp\/v2\/types\/post"}],"author":[{"embeddable":true,"href":"http:\/\/fegrama.cat\/web\/wp-json\/wp\/v2\/users\/1"}],"replies":[{"embeddable":true,"href":"http:\/\/fegrama.cat\/web\/wp-json\/wp\/v2\/comments?post=30594"}],"version-history":[{"count":2,"href":"http:\/\/fegrama.cat\/web\/wp-json\/wp\/v2\/posts\/30594\/revisions"}],"predecessor-version":[{"id":30597,"href":"http:\/\/fegrama.cat\/web\/wp-json\/wp\/v2\/posts\/30594\/revisions\/30597"}],"wp:featuredmedia":[{"embeddable":true,"href":"http:\/\/fegrama.cat\/web\/wp-json\/wp\/v2\/media\/30596"}],"wp:attachment":[{"href":"http:\/\/fegrama.cat\/web\/wp-json\/wp\/v2\/media?parent=30594"}],"wp:term":[{"taxonomy":"category","embeddable":true,"href":"http:\/\/fegrama.cat\/web\/wp-json\/wp\/v2\/categories?post=30594"},{"taxonomy":"post_tag","embeddable":true,"href":"http:\/\/fegrama.cat\/web\/wp-json\/wp\/v2\/tags?post=30594"}],"curies":[{"name":"wp","href":"https:\/\/api.w.org\/{rel}","templated":true}]}}