{"id":30580,"date":"2022-03-27T13:49:50","date_gmt":"2022-03-27T12:49:50","guid":{"rendered":"http:\/\/fegrama.cat\/web\/?p=30580"},"modified":"2022-03-27T13:49:51","modified_gmt":"2022-03-27T12:49:51","slug":"exit-absolut-de-santa-coloma-vol-residus-zero","status":"publish","type":"post","link":"http:\/\/fegrama.cat\/web\/exit-absolut-de-santa-coloma-vol-residus-zero\/","title":{"rendered":"\u00c8xit absolut de &#8216;Santa Coloma vol residus zero!&#8217;"},"content":{"rendered":"\n<p>\u00c8xit absolut de l&#8217;esdeveniment &#8216;Santa Coloma vol residus zero!&#8217; que es va viure al Nou Municipal de la Grama. Unes 3.000 persones van visitar les instal\u00b7lacions, molta pres\u00e8ncia juvenil que es va concentrar a la gespa on hi havia diferents tallers i jocs.<\/p>\n\n\n\n<div class=\"wp-block-image\"><figure class=\"aligncenter size-large\"><img loading=\"lazy\" decoding=\"async\" width=\"1024\" height=\"682\" src=\"https:\/\/fegrama.cat\/web\/wp-content\/uploads\/2022\/03\/WhatsApp-Image-2022-03-27-at-13.41.45-1-1024x682.jpeg\" alt=\"\" class=\"wp-image-30583\" srcset=\"http:\/\/fegrama.cat\/web\/wp-content\/uploads\/2022\/03\/WhatsApp-Image-2022-03-27-at-13.41.45-1-1024x682.jpeg 1024w, http:\/\/fegrama.cat\/web\/wp-content\/uploads\/2022\/03\/WhatsApp-Image-2022-03-27-at-13.41.45-1-300x200.jpeg 300w, http:\/\/fegrama.cat\/web\/wp-content\/uploads\/2022\/03\/WhatsApp-Image-2022-03-27-at-13.41.45-1-768x512.jpeg 768w, http:\/\/fegrama.cat\/web\/wp-content\/uploads\/2022\/03\/WhatsApp-Image-2022-03-27-at-13.41.45-1-1536x1023.jpeg 1536w, http:\/\/fegrama.cat\/web\/wp-content\/uploads\/2022\/03\/WhatsApp-Image-2022-03-27-at-13.41.45-1.jpeg 1600w\" sizes=\"auto, (max-width: 1024px) 100vw, 1024px\" \/><\/figure><\/div>\n\n\n\n<p>Al mateix estadi tamb\u00e9 es va poder veure un encantador mercat de segona m\u00e0 amb una gran quantitat de parades. Una jornada familiar per fomentar la minimitzaci\u00f3 dels residus, el reciclatge i la cura del medi ambient. Tallers, jocs infantils, espectacles i el mercat ambulant.<\/p>\n\n\n\n<p>Esdeveniment que es va celebrar des de les 10 hores del mat\u00ed i en qu\u00e8 els ciutadans colomencs, fam\u00edlies de la Fundaci\u00f3 Esportiva Grama i ciutadans de ciutats lim\u00edtrofes es van passar per l&#8217;estadi.<\/p>\n\n\n\n<div class=\"wp-block-image\"><figure class=\"aligncenter size-large is-resized\"><img loading=\"lazy\" decoding=\"async\" src=\"https:\/\/fegrama.cat\/web\/wp-content\/uploads\/2022\/03\/WhatsApp-Image-2022-03-27-at-13.41.44-1-1024x682.jpeg\" alt=\"\" class=\"wp-image-30584\" width=\"580\" height=\"386\" srcset=\"http:\/\/fegrama.cat\/web\/wp-content\/uploads\/2022\/03\/WhatsApp-Image-2022-03-27-at-13.41.44-1-1024x682.jpeg 1024w, http:\/\/fegrama.cat\/web\/wp-content\/uploads\/2022\/03\/WhatsApp-Image-2022-03-27-at-13.41.44-1-300x200.jpeg 300w, http:\/\/fegrama.cat\/web\/wp-content\/uploads\/2022\/03\/WhatsApp-Image-2022-03-27-at-13.41.44-1-768x512.jpeg 768w, http:\/\/fegrama.cat\/web\/wp-content\/uploads\/2022\/03\/WhatsApp-Image-2022-03-27-at-13.41.44-1-1536x1023.jpeg 1536w, http:\/\/fegrama.cat\/web\/wp-content\/uploads\/2022\/03\/WhatsApp-Image-2022-03-27-at-13.41.44-1.jpeg 1600w\" sizes=\"auto, (max-width: 580px) 100vw, 580px\" \/><\/figure><\/div>\n\n\n\n<p>A l&#8217;acte va acudir l&#8217;alcaldessa de Santa Coloma, N\u00faria Parl\u00f3n, acompanyada del primer tinent d&#8217;alcaldessa, Esteve Serrano, aix\u00ed com d&#8217;altres regidors de l&#8217;Ajuntament de Santa Coloma. Per part de la Grama el seu president Antonio Morales, el vicepresident Manolo Garc\u00eda, el directiu Rafa P\u00e9rez aix\u00ed com Lee Redondo.<\/p>\n\n\n\n<p>Despr\u00e9s d&#8217;aquest gran \u00e8xit es va quedar amb la idea que es torni a repetir aix\u00ed com que arribin nous esdeveniments.<\/p>\n\n\n\n<div class=\"wp-block-image\"><figure class=\"aligncenter size-large\"><img loading=\"lazy\" decoding=\"async\" width=\"1024\" height=\"682\" src=\"https:\/\/fegrama.cat\/web\/wp-content\/uploads\/2022\/03\/WhatsApp-Image-2022-03-27-at-13.41.44-1024x682.jpeg\" alt=\"\" class=\"wp-image-30585\" srcset=\"http:\/\/fegrama.cat\/web\/wp-content\/uploads\/2022\/03\/WhatsApp-Image-2022-03-27-at-13.41.44-1024x682.jpeg 1024w, http:\/\/fegrama.cat\/web\/wp-content\/uploads\/2022\/03\/WhatsApp-Image-2022-03-27-at-13.41.44-300x200.jpeg 300w, http:\/\/fegrama.cat\/web\/wp-content\/uploads\/2022\/03\/WhatsApp-Image-2022-03-27-at-13.41.44-768x512.jpeg 768w, http:\/\/fegrama.cat\/web\/wp-content\/uploads\/2022\/03\/WhatsApp-Image-2022-03-27-at-13.41.44-1536x1023.jpeg 1536w, http:\/\/fegrama.cat\/web\/wp-content\/uploads\/2022\/03\/WhatsApp-Image-2022-03-27-at-13.41.44.jpeg 1600w\" sizes=\"auto, (max-width: 1024px) 100vw, 1024px\" \/><\/figure><\/div>\n\n\n\n<p>\u00c9xito absoluto del evento &#8216;Santa Coloma vol residus zero!&#8217; que se vivi\u00f3 en el Nou Municipal de la Grama. Unas 3.000 personas visitaron las instalaciones, mucha presencia juvenil que se concentr\u00f3 en el c\u00e9sped donde hab\u00edan diferentes talleres y juegos. <\/p>\n\n\n\n<div class=\"wp-block-image\"><figure class=\"aligncenter size-large\"><img loading=\"lazy\" decoding=\"async\" width=\"1024\" height=\"682\" src=\"https:\/\/fegrama.cat\/web\/wp-content\/uploads\/2022\/03\/WhatsApp-Image-2022-03-27-at-13.41.45-2-1024x682.jpeg\" alt=\"\" class=\"wp-image-30581\" srcset=\"http:\/\/fegrama.cat\/web\/wp-content\/uploads\/2022\/03\/WhatsApp-Image-2022-03-27-at-13.41.45-2-1024x682.jpeg 1024w, http:\/\/fegrama.cat\/web\/wp-content\/uploads\/2022\/03\/WhatsApp-Image-2022-03-27-at-13.41.45-2-300x200.jpeg 300w, http:\/\/fegrama.cat\/web\/wp-content\/uploads\/2022\/03\/WhatsApp-Image-2022-03-27-at-13.41.45-2-768x512.jpeg 768w, http:\/\/fegrama.cat\/web\/wp-content\/uploads\/2022\/03\/WhatsApp-Image-2022-03-27-at-13.41.45-2-1536x1023.jpeg 1536w, http:\/\/fegrama.cat\/web\/wp-content\/uploads\/2022\/03\/WhatsApp-Image-2022-03-27-at-13.41.45-2.jpeg 1600w\" sizes=\"auto, (max-width: 1024px) 100vw, 1024px\" \/><\/figure><\/div>\n\n\n\n<p>En el mismo estadio tambi\u00e9n se pudo ver una encantador mercado de segunda mano con una gran cantidad de paradas. Una jornada familiar para fomentar la minimizaci\u00f3n de los residuos, el reciclaje y el cuidado del medio ambiente. Talleres, juegos infantiles, espect\u00e1culos y el mercadillo.<\/p>\n\n\n\n<p>Evento que se celebr\u00f3 desde las 10 horas de la ma\u00f1ana y en el que los ciudadanos colomenses, familias de la Fundaci\u00f3 Esportiva Grama y ciudadanos de ciudades colindantes se pasaron por el estadio.<\/p>\n\n\n\n<p>Al acto acudi\u00f3 la alcaldesa de Santa Coloma, N\u00faria Parl\u00f3n, acompa\u00f1ada del primer teniente de alcaldesa, Esteve Serrano, as\u00ed como otros concejales del Ayuntamiento de Santa Coloma. Por parte de la Grama su presidente Antonio Morales, el vicepresidente Manolo Garc\u00eda, el directivo Rafa P\u00e9rez as\u00ed como Lee Redondo. <\/p>\n\n\n\n<p>Tras este gran \u00e9xito se qued\u00f3 con la idea de que se vuelva a repetir as\u00ed como que lleguen nuevos eventos.<\/p>\n","protected":false},"excerpt":{"rendered":"<p>\u00c8xit absolut de l&#8217;esdeveniment &#8216;Santa Coloma vol residus zero!&#8217; que es va viure al Nou Municipal de la Grama. Unes 3.000 persones van visitar les instal\u00b7lacions, molta pres\u00e8ncia juvenil que es va concentrar a la gespa on hi havia diferents tallers i jocs. Al mateix estadi tamb\u00e9 es va poder veure un encantador mercat de [&hellip;]<\/p>\n","protected":false},"author":1,"featured_media":30581,"comment_status":"closed","ping_status":"closed","sticky":false,"template":"","format":"standard","meta":{"footnotes":""},"categories":[14,15],"tags":[],"class_list":["post-30580","post","type-post","status-publish","format-standard","has-post-thumbnail","hentry","category-noticies","category-noticies-destacades"],"_links":{"self":[{"href":"http:\/\/fegrama.cat\/web\/wp-json\/wp\/v2\/posts\/30580","targetHints":{"allow":["GET"]}}],"collection":[{"href":"http:\/\/fegrama.cat\/web\/wp-json\/wp\/v2\/posts"}],"about":[{"href":"http:\/\/fegrama.cat\/web\/wp-json\/wp\/v2\/types\/post"}],"author":[{"embeddable":true,"href":"http:\/\/fegrama.cat\/web\/wp-json\/wp\/v2\/users\/1"}],"replies":[{"embeddable":true,"href":"http:\/\/fegrama.cat\/web\/wp-json\/wp\/v2\/comments?post=30580"}],"version-history":[{"count":2,"href":"http:\/\/fegrama.cat\/web\/wp-json\/wp\/v2\/posts\/30580\/revisions"}],"predecessor-version":[{"id":30586,"href":"http:\/\/fegrama.cat\/web\/wp-json\/wp\/v2\/posts\/30580\/revisions\/30586"}],"wp:featuredmedia":[{"embeddable":true,"href":"http:\/\/fegrama.cat\/web\/wp-json\/wp\/v2\/media\/30581"}],"wp:attachment":[{"href":"http:\/\/fegrama.cat\/web\/wp-json\/wp\/v2\/media?parent=30580"}],"wp:term":[{"taxonomy":"category","embeddable":true,"href":"http:\/\/fegrama.cat\/web\/wp-json\/wp\/v2\/categories?post=30580"},{"taxonomy":"post_tag","embeddable":true,"href":"http:\/\/fegrama.cat\/web\/wp-json\/wp\/v2\/tags?post=30580"}],"curies":[{"name":"wp","href":"https:\/\/api.w.org\/{rel}","templated":true}]}}