{"id":30575,"date":"2022-03-26T21:18:04","date_gmt":"2022-03-26T20:18:04","guid":{"rendered":"http:\/\/fegrama.cat\/web\/?p=30575"},"modified":"2022-04-01T17:46:34","modified_gmt":"2022-04-01T16:46:34","slug":"la-grama-es-va-desgastar-al-camp-sense-premi-2-1","status":"publish","type":"post","link":"http:\/\/fegrama.cat\/web\/la-grama-es-va-desgastar-al-camp-sense-premi-2-1\/","title":{"rendered":"La Grama es va desgastar al camp sense premi (2-1)"},"content":{"rendered":"\n<p>La Fundaci\u00f3 Esportiva Grama va lluitar al Nou Congost per\u00f2 no va poder puntuar davant un efectiu Cd\u2019E Manresa.<\/p>\n\n\n\n<p>Partit de tu a tu on vam poder veure una primera meitat on el m\u00e9s just hagu\u00e9s estat marxar al descans amb empat o amb vict\u00f2ria colomenca. La Grama va tenir el gol al minut 7 per\u00f2 Solsona sol davant el porter fallava. Perdonant la vida un rival poder\u00f3s.<\/p>\n\n\n\n<p>El primer xut local arribaria al 16\u2032 des de lluny sense gaire perill. La Grama va fer molt bona feina defensiva i va voler crear jugades tenint molta pilota. Un xut centrat de Fran a mitja hora va ser una altra possibilitat.<\/p>\n\n\n\n<div class=\"wp-block-image\"><figure class=\"aligncenter size-large\"><img loading=\"lazy\" decoding=\"async\" width=\"1024\" height=\"674\" src=\"https:\/\/fegrama.cat\/web\/wp-content\/uploads\/2022\/03\/WhatsApp-Image-2022-03-26-at-18.51.56-1024x674.jpeg\" alt=\"\" class=\"wp-image-30578\" srcset=\"http:\/\/fegrama.cat\/web\/wp-content\/uploads\/2022\/03\/WhatsApp-Image-2022-03-26-at-18.51.56-1024x674.jpeg 1024w, http:\/\/fegrama.cat\/web\/wp-content\/uploads\/2022\/03\/WhatsApp-Image-2022-03-26-at-18.51.56-300x197.jpeg 300w, http:\/\/fegrama.cat\/web\/wp-content\/uploads\/2022\/03\/WhatsApp-Image-2022-03-26-at-18.51.56-768x505.jpeg 768w, http:\/\/fegrama.cat\/web\/wp-content\/uploads\/2022\/03\/WhatsApp-Image-2022-03-26-at-18.51.56-1536x1010.jpeg 1536w, http:\/\/fegrama.cat\/web\/wp-content\/uploads\/2022\/03\/WhatsApp-Image-2022-03-26-at-18.51.56.jpeg 1993w\" sizes=\"auto, (max-width: 1024px) 100vw, 1024px\" \/><\/figure><\/div>\n\n\n\n<p>Malauradament quan tot feia indicar que ens an\u00e0vem amb 0-0 a vestidors, Nil Garrido des de fora de l&#8217;\u00e0rea va enganxar la pilota marcant un gol\u00e0s imparable per a Guiseris. Despr\u00e9s del descans mateix 11 al camp i la Grama va comen\u00e7ar arraconant el seu rival per\u00f2 sense arribar a xutar.<\/p>\n\n\n\n<p>Al 59\u2032 en un c\u00f3rner va avisar el Manresa, Molins atent evitava sota pals el gol. I un minut despr\u00e9s Noah en un 1 contra 1 batia Guiseris (2-0). La Grama es va bolcar m\u00e9s en atac i molt m\u00e9s amb l&#8217;entrada de Monterde i Antonicelli, arribant a jugar amb dos defenses.<\/p>\n\n\n\n<p>La millor la va tenir Fran amb una fuetada des de fora de l&#8217;\u00e0rea, una gran volea, per\u00f2 el porter amb la col\u00b7laboraci\u00f3 del travesser van evitar el gol\u00e0s. Va ser al 80\u2032 quan despr\u00e9s d&#8217;una gran passada filtrada d&#8217;Escarrabill es va plantar sol Montalb\u00e1n batent amb qualitat el porter (2-1).<\/p>\n\n\n\n<p>La Grama es va desgastar al camp, es va deixar l&#8217;\u00e0nima fins al xiulet final per\u00f2 no va aconseguir empatar.<\/p>\n\n\n\n<div class=\"wp-block-image\"><figure class=\"aligncenter size-large\"><img loading=\"lazy\" decoding=\"async\" width=\"1024\" height=\"683\" src=\"https:\/\/fegrama.cat\/web\/wp-content\/uploads\/2022\/03\/WhatsApp-Image-2022-03-26-at-18.51.54-1024x683.jpeg\" alt=\"\" class=\"wp-image-30577\" srcset=\"http:\/\/fegrama.cat\/web\/wp-content\/uploads\/2022\/03\/WhatsApp-Image-2022-03-26-at-18.51.54-1024x683.jpeg 1024w, http:\/\/fegrama.cat\/web\/wp-content\/uploads\/2022\/03\/WhatsApp-Image-2022-03-26-at-18.51.54-300x200.jpeg 300w, http:\/\/fegrama.cat\/web\/wp-content\/uploads\/2022\/03\/WhatsApp-Image-2022-03-26-at-18.51.54-768x512.jpeg 768w, http:\/\/fegrama.cat\/web\/wp-content\/uploads\/2022\/03\/WhatsApp-Image-2022-03-26-at-18.51.54-1536x1024.jpeg 1536w, http:\/\/fegrama.cat\/web\/wp-content\/uploads\/2022\/03\/WhatsApp-Image-2022-03-26-at-18.51.54.jpeg 2048w\" sizes=\"auto, (max-width: 1024px) 100vw, 1024px\" \/><\/figure><\/div>\n\n\n\n<p>La Fundaci\u00f3 Esportiva Grama luch\u00f3 en el Nou Congost pero no pudo puntuar ante un efectivo Cd&#8217;E Manresa.<\/p>\n\n\n\n<p>Partido de t\u00fa a t\u00fa donde pudimos ver una primera mitad donde lo m\u00e1s justo hubiera sido marcharse al descanso con empate o con victoria colomense. La Grama tuvo el gol en el minuto 7 pero Solsona solo ante el portero fallaba. Perdonando la vida a un rival poderoso.<\/p>\n\n\n\n<p>El primer chut local llegar\u00eda en el 16&#8242; desde lejos sin demasiado peligro. La Grama hizo muy buen trabajo defensivo y quiso crear jugadas teniendo mucho bal\u00f3n. Un chut centrado de Fran a la media hora fue otra posibilidad.<\/p>\n\n\n\n<p>Desgraciadamente cuando todo hac\u00eda indicar que nos hiriamos con 0-0 a vestuarios, Nil Garrido desde fuera del \u00e1rea enganch\u00f3 la pelota marcando un golazo imparable para Guiseris. Tras el descanso mismo 11 en el campo y la Grama empez\u00f3 arrinconando a su rival pero sin llegar a chutar.<\/p>\n\n\n\n<p>En el 59&#8242; en un c\u00f3rner avis\u00f3 el Manresa, Molins atento evitaba bajo palos el gol. Y un minuto despu\u00e9s Noah en un 1 contra 1 bat\u00eda a Guiseris (2-0). La Grama se volc\u00f3 m\u00e1s en ataque y mucho m\u00e1s con la entrada de Monterde y Antonicelli, llegando a jugar con dos defensas.<\/p>\n\n\n\n<p>La mejor la tuvo Fran con un latigazo desde fuera del \u00e1rea, una gran volea, pero el portero con la colaboraci\u00f3n del larguero evitaron el golazo. Fue en el 80&#8242; cuando tras un gran pase filtrado de Escarrabill se plant\u00f3 solo Montalb\u00e1n batiendo con calidad al portero (2-1).<\/p>\n\n\n\n<p>La Grama se desgast\u00f3 en el campo, se dej\u00f3 el alma hasta el pitido final pero no logr\u00f3 empatar.<\/p>\n","protected":false},"excerpt":{"rendered":"<p>La Fundaci\u00f3 Esportiva Grama va lluitar al Nou Congost per\u00f2 no va poder puntuar davant un efectiu Cd\u2019E Manresa. Partit de tu a tu on vam poder veure una primera meitat on el m\u00e9s just hagu\u00e9s estat marxar al descans amb empat o amb vict\u00f2ria colomenca. La Grama va tenir el gol al minut 7 [&hellip;]<\/p>\n","protected":false},"author":1,"featured_media":30578,"comment_status":"closed","ping_status":"closed","sticky":false,"template":"","format":"standard","meta":{"footnotes":""},"categories":[14,5],"tags":[],"class_list":["post-30575","post","type-post","status-publish","format-standard","has-post-thumbnail","hentry","category-noticies","category-primer-equip"],"_links":{"self":[{"href":"http:\/\/fegrama.cat\/web\/wp-json\/wp\/v2\/posts\/30575","targetHints":{"allow":["GET"]}}],"collection":[{"href":"http:\/\/fegrama.cat\/web\/wp-json\/wp\/v2\/posts"}],"about":[{"href":"http:\/\/fegrama.cat\/web\/wp-json\/wp\/v2\/types\/post"}],"author":[{"embeddable":true,"href":"http:\/\/fegrama.cat\/web\/wp-json\/wp\/v2\/users\/1"}],"replies":[{"embeddable":true,"href":"http:\/\/fegrama.cat\/web\/wp-json\/wp\/v2\/comments?post=30575"}],"version-history":[{"count":2,"href":"http:\/\/fegrama.cat\/web\/wp-json\/wp\/v2\/posts\/30575\/revisions"}],"predecessor-version":[{"id":30579,"href":"http:\/\/fegrama.cat\/web\/wp-json\/wp\/v2\/posts\/30575\/revisions\/30579"}],"wp:featuredmedia":[{"embeddable":true,"href":"http:\/\/fegrama.cat\/web\/wp-json\/wp\/v2\/media\/30578"}],"wp:attachment":[{"href":"http:\/\/fegrama.cat\/web\/wp-json\/wp\/v2\/media?parent=30575"}],"wp:term":[{"taxonomy":"category","embeddable":true,"href":"http:\/\/fegrama.cat\/web\/wp-json\/wp\/v2\/categories?post=30575"},{"taxonomy":"post_tag","embeddable":true,"href":"http:\/\/fegrama.cat\/web\/wp-json\/wp\/v2\/tags?post=30575"}],"curies":[{"name":"wp","href":"https:\/\/api.w.org\/{rel}","templated":true}]}}