{"id":3057,"date":"2014-03-31T08:08:50","date_gmt":"2014-03-31T07:08:50","guid":{"rendered":"http:\/\/fegrama.cat\/web\/?p=3057"},"modified":"2014-03-30T16:19:13","modified_gmt":"2014-03-30T15:19:13","slug":"linfantil-c-de-la-fegrama-cau-al-municipal-provencana-contra-la-gornal-per-3-2","status":"publish","type":"post","link":"http:\/\/fegrama.cat\/web\/linfantil-c-de-la-fegrama-cau-al-municipal-provencana-contra-la-gornal-per-3-2\/","title":{"rendered":"L&#8217;Infantil C de la FEGrama cau al Municipal Proven\u00e7ana contra la Gornal per 3-2"},"content":{"rendered":"<p style=\"text-align: justify;\"><span style=\"color: #000000;\">El Municipal Proven\u00e7ana d&#8217;Hospitalet ha sigut l&#8217;escenari on l&#8217;Infantil C FEGrama ha estat remuntat per la Gornal per 3-2.<\/span><\/p>\n<p style=\"text-align: justify;\"><span style=\"color: #000000;\">Malgrat els locals estar onz\u00e8 a la classificaci\u00f3, els dirigits Rafa Muriel i Sergio Sierra van comen\u00e7ar molt forts i efectius amb un gol matiner de Ra\u00fal Castillo al minut 5.<\/span><\/p>\n<p style=\"text-align: justify;\"><span style=\"color: #000000;\">Sense deixar de pressionar, els joves jugadors de la Fundaci\u00f3 Grama van tornar a avant\u00e7ar-se amb el gol de David Valdivia al minut 13.<\/span><\/p>\n<p style=\"text-align: justify;\"><span style=\"color: #000000;\">Amb aquest parcial de 0-2 el partit no va quedar sentenciat perqu\u00e8 abans de la primera meitat els locals van retallar dist\u00e0ncies. Despr\u00e8s a la segona part la remuntada va ser finalment de 3 a 2.<\/span><\/p>\n<p style=\"text-align: justify;\"><span style=\"color: #000000;\">Encara que aquest resultat \u00e9s la tercera derrota consecutiva, el conjunt de la Fundaci\u00f3 Grama segueix mantenint la quarta posici\u00f3 amb 33 punts malgrat que era una clara oportunitat de redu\u00efr dist\u00e0ncies als equips per damunt que han empatat, el Collblanc i el Bufal\u00e0.<\/span><\/p>\n<p style=\"text-align: justify;\"><span style=\"color: #000000;\">L&#8217;immediat perseguidor d&#8217;aquest Infantil C FEGrama s\u00ed ha redu\u00eft punts, el Carmelo, que es col.loca amb 31 punts a nom\u00e8s dos punts.<\/span><\/p>\n<p style=\"text-align: justify;\"><span style=\"color: #000000;\">Els jugadors entrenats per Rafa Muriel i Sergio Sierra voldran continuar a la quarta posici\u00f3 i sumar per pujar dels 33 punts i probar de puntuar a la jornada 23 al Nou Municipal contra la Escola Brafa, des\u00e8 classificat amb 21 punts, el diumenge 6 d&#8217;abril des de les 11:45 hores.<\/span><\/p>\n<p style=\"text-align: justify;\"><span style=\"color: #000000;\">[divider]<\/span><\/p>\n<p style=\"text-align: justify;\"><span style=\"color: #000000;\">[button color=\u00bbblue\u00bb size=\u00bbsmall\u00bb link=\u00bbhttp:\/\/www.fcf.cat\/pnfg\/NFG_CmpJornada?cod_primaria=1000120&amp;CodCompeticion=18473303&amp;CodGrupo=18577730&amp;CodTemporada=9&amp;CodJornada=10&#8243; target=\u00bbblank\u00bb ]Resultats[\/button]<\/span><\/p>\n<p style=\"text-align: justify;\"><span style=\"color: #000000;\">[button color=\u00bbblue\u00bb size=\u00bbsmall\u00bb link=\u00bbhttp:\/\/www.fcf.cat\/pnfg\/NPcd\/NFG_VisClasificacion?cod_primaria=1000120&amp;codgrupo=18577730&amp;codcompeticion=18473303&#8243; target=\u00bbblank\u00bb ]Classificaci\u00f3[\/button]<\/span><\/p>\n<p style=\"text-align: justify;\"><span style=\"color: #000000;\">El Municipal Proven\u00e7ana de Hospitalet ha sido el escenario donde el Infantil C FEGrama\u00a0ha sido remontado por la Gornal por 3-2 .<\/span><\/p>\n<p style=\"text-align: justify;\"><span style=\"color: #000000;\">A pesar de los locales estar und\u00e9cimo en la clasificaci\u00f3n, los dirigidos Rafa Muriel y Sergio Sierra empezaron muy fuertes y efectivos con un gol tempranero de Ra\u00fal Castillo en el minuto 5 .<\/span><\/p>\n<p style=\"text-align: justify;\"><span style=\"color: #000000;\">Sin dejar de presionar , los j\u00f3venes jugadores de la Fundaci\u00f3n Grama volvieron a adelant\u00e1ndose con el gol de David Valdivia en el minuto 13 .<\/span><\/p>\n<p style=\"text-align: justify;\"><span style=\"color: #000000;\">Con este parcial de 0-2 el partido no qued\u00f3 sentenciado porque antes de la primera mitad los locales recortaron distancias . Despu\u00e9s en la segunda parte la remontada fue finalmente de 3 a 2 .<\/span><\/p>\n<p style=\"text-align: justify;\"><span style=\"color: #000000;\">Aunque este resultado es la tercera derrota consecutiva , el conjunto de la Fundaci\u00f3n Grama sigue manteniendo la cuarta posici\u00f3n con 33 puntos a pesar de que era una clara oportunidad de reducir distancias a los equipos por encima que han empatado , el Collblanc y el Bufal\u00e0 .<\/span><\/p>\n<p style=\"text-align: justify;\"><span style=\"color: #000000;\">El inmediato perseguidor de este Infantil C FEGrama s\u00ed ha reducido puntos , el Carmelo , que se coloca con 31 puntos a s\u00f3lo dos puntos .<\/span><\/p>\n<p style=\"text-align: justify;\"><span style=\"color: #000000;\">Los jugadores entrenados por Rafa Muriel y Sergio Sierra querr\u00e1n continuar en la cuarta posici\u00f3n y sumar para subir los 33 puntos y probar de puntuar en la jornada 23 en el Nou Municipal contra la Escuela Brafa , d\u00e9cimo clasificado con 21 puntos , el domingo 6 de abril desde las 11:45 horas .<\/span><\/p>\n<p style=\"text-align: justify;\"><span style=\"color: #000000;\"><strong>Visca l&#8217;Esperit Grama!!!<\/strong><\/span><\/p>\n","protected":false},"excerpt":{"rendered":"<p>El Municipal Proven\u00e7ana d&#8217;Hospitalet ha sigut l&#8217;escenari on l&#8217;Infantil C FEGrama ha estat remuntat per la Gornal per 3-2. Malgrat els locals estar onz\u00e8 a la classificaci\u00f3, els dirigits Rafa Muriel i Sergio Sierra van comen\u00e7ar molt forts i efectius amb un gol matiner de Ra\u00fal Castillo al minut 5. Sense deixar de pressionar, els [&hellip;]<\/p>\n","protected":false},"author":1,"featured_media":0,"comment_status":"closed","ping_status":"closed","sticky":false,"template":"","format":"standard","meta":{"footnotes":""},"categories":[4,9],"tags":[],"class_list":["post-3057","post","type-post","status-publish","format-standard","hentry","category-base-inclusiu","category-infantils"],"_links":{"self":[{"href":"http:\/\/fegrama.cat\/web\/wp-json\/wp\/v2\/posts\/3057","targetHints":{"allow":["GET"]}}],"collection":[{"href":"http:\/\/fegrama.cat\/web\/wp-json\/wp\/v2\/posts"}],"about":[{"href":"http:\/\/fegrama.cat\/web\/wp-json\/wp\/v2\/types\/post"}],"author":[{"embeddable":true,"href":"http:\/\/fegrama.cat\/web\/wp-json\/wp\/v2\/users\/1"}],"replies":[{"embeddable":true,"href":"http:\/\/fegrama.cat\/web\/wp-json\/wp\/v2\/comments?post=3057"}],"version-history":[{"count":1,"href":"http:\/\/fegrama.cat\/web\/wp-json\/wp\/v2\/posts\/3057\/revisions"}],"predecessor-version":[{"id":3059,"href":"http:\/\/fegrama.cat\/web\/wp-json\/wp\/v2\/posts\/3057\/revisions\/3059"}],"wp:attachment":[{"href":"http:\/\/fegrama.cat\/web\/wp-json\/wp\/v2\/media?parent=3057"}],"wp:term":[{"taxonomy":"category","embeddable":true,"href":"http:\/\/fegrama.cat\/web\/wp-json\/wp\/v2\/categories?post=3057"},{"taxonomy":"post_tag","embeddable":true,"href":"http:\/\/fegrama.cat\/web\/wp-json\/wp\/v2\/tags?post=3057"}],"curies":[{"name":"wp","href":"https:\/\/api.w.org\/{rel}","templated":true}]}}