{"id":30559,"date":"2022-03-24T23:38:00","date_gmt":"2022-03-24T22:38:00","guid":{"rendered":"http:\/\/fegrama.cat\/web\/?p=30559"},"modified":"2022-03-25T08:01:50","modified_gmt":"2022-03-25T07:01:50","slug":"tugsal-suneix-a-la-familia-de-la-fe-grama","status":"publish","type":"post","link":"http:\/\/fegrama.cat\/web\/tugsal-suneix-a-la-familia-de-la-fe-grama\/","title":{"rendered":"Tusgsal s&#8217;uneix a la familia de la FE Grama"},"content":{"rendered":"\n<div class=\"wp-block-image\"><figure class=\"aligncenter size-large\"><img loading=\"lazy\" decoding=\"async\" width=\"1024\" height=\"659\" src=\"http:\/\/fegrama.cat\/web\/wp-content\/uploads\/2022\/03\/IMG-20220324-WA0026-1024x659.jpg\" alt=\"\" class=\"wp-image-30567\" srcset=\"http:\/\/fegrama.cat\/web\/wp-content\/uploads\/2022\/03\/IMG-20220324-WA0026-1024x659.jpg 1024w, http:\/\/fegrama.cat\/web\/wp-content\/uploads\/2022\/03\/IMG-20220324-WA0026-300x193.jpg 300w, http:\/\/fegrama.cat\/web\/wp-content\/uploads\/2022\/03\/IMG-20220324-WA0026-768x495.jpg 768w, http:\/\/fegrama.cat\/web\/wp-content\/uploads\/2022\/03\/IMG-20220324-WA0026-1536x989.jpg 1536w, http:\/\/fegrama.cat\/web\/wp-content\/uploads\/2022\/03\/IMG-20220324-WA0026.jpg 2028w\" sizes=\"auto, (max-width: 1024px) 100vw, 1024px\" \/><figcaption>D&#8217;esquerra a dreta: Juan Carlos Escudero (president del comit\u00e8 d&#8217;empresa), Antonio Morales (president FE Grama) i Federico Llobet (president del consell d&#8217;administraci\u00f3 de Tusgsal)<\/figcaption><\/figure><\/div>\n\n\n\n<p>Un acord per al futur, una col\u00b7laboraci\u00f3 amb una de les grans empreses nacionals i amb forta activitat a la nostra ciutat. Ahir, dijous 24 de mar\u00e7, es van estr\u00e8nyer lligams entre Tusgsal i Grama.<\/p>\n\n\n\n<p>Federico Llobet, president del consell d&#8217;administraci\u00f3 de Tusgsal, i Juan Carlos Escudero (president del comit\u00e8 d&#8217;empresa), van visitar les instal\u00b7lacions del Nou Municipal de la Grama per poder con\u00e8ixer de primera m\u00e0 tota la feina que duu a terme la Fundaci\u00f3 Esportiva Grama.<\/p>\n\n\n\n<div class=\"wp-block-image\"><figure class=\"aligncenter size-large\"><img loading=\"lazy\" decoding=\"async\" width=\"1024\" height=\"606\" src=\"http:\/\/fegrama.cat\/web\/wp-content\/uploads\/2022\/03\/IMG-20220324-WA0019-1024x606.jpg\" alt=\"\" class=\"wp-image-30568\" srcset=\"http:\/\/fegrama.cat\/web\/wp-content\/uploads\/2022\/03\/IMG-20220324-WA0019-1024x606.jpg 1024w, http:\/\/fegrama.cat\/web\/wp-content\/uploads\/2022\/03\/IMG-20220324-WA0019-300x177.jpg 300w, http:\/\/fegrama.cat\/web\/wp-content\/uploads\/2022\/03\/IMG-20220324-WA0019-768x454.jpg 768w, http:\/\/fegrama.cat\/web\/wp-content\/uploads\/2022\/03\/IMG-20220324-WA0019-1536x908.jpg 1536w, http:\/\/fegrama.cat\/web\/wp-content\/uploads\/2022\/03\/IMG-20220324-WA0019.jpg 2048w\" sizes=\"auto, (max-width: 1024px) 100vw, 1024px\" \/><\/figure><\/div>\n\n\n\n<p>La tasca social i d&#8217;integraci\u00f3, el futbol inclusiu, la sala de recuperaci\u00f3, el treball de futbol base i femen\u00ed, la secci\u00f3 de karate, la r\u00e0dio, el treball de mesures penals, els actes solidaris, etc. tot aix\u00f2 el van poder con\u00e8ixer de m\u00e0 de cadascun dels membres de la Grama.<\/p>\n\n\n\n<p>Federico Llobet (Tusgsal): \u00abEns van presentar un projecte de fundaci\u00f3 molt potent. Per aix\u00f2 apostem, igual que fa anys que ajudem a Badalona. Si volem ajudar una ciutat com Santa Coloma \u00e9s perqu\u00e8 veiem que darrere aquest projecte hi ha una figura que d\u00f3na molt bones sensacions. Cooperarem en tot el que puguem. Esperem que sigui per a molts anys.\u00bb<\/p>\n\n\n\n<div class=\"wp-block-image\"><figure class=\"aligncenter size-large\"><img loading=\"lazy\" decoding=\"async\" width=\"1024\" height=\"683\" src=\"http:\/\/fegrama.cat\/web\/wp-content\/uploads\/2022\/03\/IMG-20220324-WA0028-1024x683.jpg\" alt=\"\" class=\"wp-image-30566\" srcset=\"http:\/\/fegrama.cat\/web\/wp-content\/uploads\/2022\/03\/IMG-20220324-WA0028-1024x683.jpg 1024w, http:\/\/fegrama.cat\/web\/wp-content\/uploads\/2022\/03\/IMG-20220324-WA0028-300x200.jpg 300w, http:\/\/fegrama.cat\/web\/wp-content\/uploads\/2022\/03\/IMG-20220324-WA0028-768x512.jpg 768w, http:\/\/fegrama.cat\/web\/wp-content\/uploads\/2022\/03\/IMG-20220324-WA0028-1536x1024.jpg 1536w, http:\/\/fegrama.cat\/web\/wp-content\/uploads\/2022\/03\/IMG-20220324-WA0028.jpg 2048w\" sizes=\"auto, (max-width: 1024px) 100vw, 1024px\" \/><\/figure><\/div>\n\n\n\n<div class=\"wp-block-image\"><figure class=\"aligncenter size-large\"><img loading=\"lazy\" decoding=\"async\" width=\"1024\" height=\"598\" src=\"http:\/\/fegrama.cat\/web\/wp-content\/uploads\/2022\/03\/IMG-20220324-WA0025-1024x598.jpg\" alt=\"\" class=\"wp-image-30570\" srcset=\"http:\/\/fegrama.cat\/web\/wp-content\/uploads\/2022\/03\/IMG-20220324-WA0025-1024x598.jpg 1024w, http:\/\/fegrama.cat\/web\/wp-content\/uploads\/2022\/03\/IMG-20220324-WA0025-300x175.jpg 300w, http:\/\/fegrama.cat\/web\/wp-content\/uploads\/2022\/03\/IMG-20220324-WA0025-768x449.jpg 768w, http:\/\/fegrama.cat\/web\/wp-content\/uploads\/2022\/03\/IMG-20220324-WA0025-1536x897.jpg 1536w, http:\/\/fegrama.cat\/web\/wp-content\/uploads\/2022\/03\/IMG-20220324-WA0025.jpg 2048w\" sizes=\"auto, (max-width: 1024px) 100vw, 1024px\" \/><\/figure><\/div>\n\n\n\n<p>Un acuerdo para el futuro, una colaboraci\u00f3n con una de las grandes empresas nacionales y con fuerte actividad en nuestra ciudad. En el d\u00eda de ayer, jueves 24 de marzo, se estrecharon lazos entre Tusgsal y Grama.<\/p>\n\n\n\n<p>Federico Llobet, presidente del consejo de administraci\u00f3n de Tusgsal, y Juan Carlos Escudero (presidente del comit\u00e9 de empresa), visitaron las instalaciones del Nou Municipal de la Grama para poder conocer de primera mano todo el trabajo que lleva a cabo la Fundaci\u00f3 Esportiva Grama.<\/p>\n\n\n\n<div class=\"wp-block-image\"><figure class=\"aligncenter size-large\"><img loading=\"lazy\" decoding=\"async\" width=\"1024\" height=\"658\" src=\"http:\/\/fegrama.cat\/web\/wp-content\/uploads\/2022\/03\/IMG-20220324-WA0027-1024x658.jpg\" alt=\"\" class=\"wp-image-30569\" srcset=\"http:\/\/fegrama.cat\/web\/wp-content\/uploads\/2022\/03\/IMG-20220324-WA0027-1024x658.jpg 1024w, http:\/\/fegrama.cat\/web\/wp-content\/uploads\/2022\/03\/IMG-20220324-WA0027-300x193.jpg 300w, http:\/\/fegrama.cat\/web\/wp-content\/uploads\/2022\/03\/IMG-20220324-WA0027-768x493.jpg 768w, http:\/\/fegrama.cat\/web\/wp-content\/uploads\/2022\/03\/IMG-20220324-WA0027-1536x986.jpg 1536w, http:\/\/fegrama.cat\/web\/wp-content\/uploads\/2022\/03\/IMG-20220324-WA0027.jpg 1892w\" sizes=\"auto, (max-width: 1024px) 100vw, 1024px\" \/><\/figure><\/div>\n\n\n\n<p>La labor social y de integraci\u00f3n, el f\u00fatbol inclusivo, la sala de recuperaci\u00f3n, el trabajo de f\u00fatbol base y femenino, la secci\u00f3n de karate, la radio, el trabajo de medidas penales, los actos solidarios, etc. todo ello pudieron conocerlo de mano de cada uno de los miembros de la Grama.<\/p>\n\n\n\n<p>Federico Llobet (Tusgsal): \u00abNos presentaron un proyecto de fundaci\u00f3n muy potente. Por eso apostamos, al igual que llevamos a\u00f1os ayudando en Badalona. Si queremos ayudar a una ciudad como Santa Coloma es porqu\u00e9 vemos que detr\u00e1s de este proyecto hay una figura que da muy buenas sensaciones. Vamos a cooperar en todo lo que podamos. Esperamos que sea para muchos a\u00f1os.\u00bb<\/p>\n","protected":false},"excerpt":{"rendered":"<p>Un acord per al futur, una col\u00b7laboraci\u00f3 amb una de les grans empreses nacionals i amb forta activitat a la nostra ciutat. Ahir, dijous 24 de mar\u00e7, es van estr\u00e8nyer lligams entre Tusgsal i Grama. Federico Llobet, president del consell d&#8217;administraci\u00f3 de Tusgsal, i Juan Carlos Escudero (president del comit\u00e8 d&#8217;empresa), van visitar les instal\u00b7lacions [&hellip;]<\/p>\n","protected":false},"author":1,"featured_media":30567,"comment_status":"closed","ping_status":"closed","sticky":false,"template":"","format":"standard","meta":{"footnotes":""},"categories":[14,15],"tags":[],"class_list":["post-30559","post","type-post","status-publish","format-standard","has-post-thumbnail","hentry","category-noticies","category-noticies-destacades"],"_links":{"self":[{"href":"http:\/\/fegrama.cat\/web\/wp-json\/wp\/v2\/posts\/30559","targetHints":{"allow":["GET"]}}],"collection":[{"href":"http:\/\/fegrama.cat\/web\/wp-json\/wp\/v2\/posts"}],"about":[{"href":"http:\/\/fegrama.cat\/web\/wp-json\/wp\/v2\/types\/post"}],"author":[{"embeddable":true,"href":"http:\/\/fegrama.cat\/web\/wp-json\/wp\/v2\/users\/1"}],"replies":[{"embeddable":true,"href":"http:\/\/fegrama.cat\/web\/wp-json\/wp\/v2\/comments?post=30559"}],"version-history":[{"count":10,"href":"http:\/\/fegrama.cat\/web\/wp-json\/wp\/v2\/posts\/30559\/revisions"}],"predecessor-version":[{"id":30574,"href":"http:\/\/fegrama.cat\/web\/wp-json\/wp\/v2\/posts\/30559\/revisions\/30574"}],"wp:featuredmedia":[{"embeddable":true,"href":"http:\/\/fegrama.cat\/web\/wp-json\/wp\/v2\/media\/30567"}],"wp:attachment":[{"href":"http:\/\/fegrama.cat\/web\/wp-json\/wp\/v2\/media?parent=30559"}],"wp:term":[{"taxonomy":"category","embeddable":true,"href":"http:\/\/fegrama.cat\/web\/wp-json\/wp\/v2\/categories?post=30559"},{"taxonomy":"post_tag","embeddable":true,"href":"http:\/\/fegrama.cat\/web\/wp-json\/wp\/v2\/tags?post=30559"}],"curies":[{"name":"wp","href":"https:\/\/api.w.org\/{rel}","templated":true}]}}