{"id":30554,"date":"2022-03-23T11:16:22","date_gmt":"2022-03-23T10:16:22","guid":{"rendered":"http:\/\/fegrama.cat\/web\/?p=30554"},"modified":"2022-03-23T11:16:23","modified_gmt":"2022-03-23T10:16:23","slug":"visita-de-les-aa-vv-i-taquilla-solidaria-els-propers-dos-partits","status":"publish","type":"post","link":"http:\/\/fegrama.cat\/web\/visita-de-les-aa-vv-i-taquilla-solidaria-els-propers-dos-partits\/","title":{"rendered":"Visita de les AA.VV. i taquilla solid\u00e0ria els propers dos partits"},"content":{"rendered":"\n<p>El passat dijous 17 de mar\u00e7 ens van visitar representants de les Associacions de Ve\u00efns de Santa Coloma de Gramenet.<\/p>\n\n\n\n<div class=\"wp-block-image\"><figure class=\"aligncenter size-large\"><img loading=\"lazy\" decoding=\"async\" width=\"1024\" height=\"634\" src=\"https:\/\/fegrama.cat\/web\/wp-content\/uploads\/2022\/03\/visita-asociaciones-vecinos-1024x634.jpeg\" alt=\"\" class=\"wp-image-30556\" srcset=\"http:\/\/fegrama.cat\/web\/wp-content\/uploads\/2022\/03\/visita-asociaciones-vecinos-1024x634.jpeg 1024w, http:\/\/fegrama.cat\/web\/wp-content\/uploads\/2022\/03\/visita-asociaciones-vecinos-300x186.jpeg 300w, http:\/\/fegrama.cat\/web\/wp-content\/uploads\/2022\/03\/visita-asociaciones-vecinos-768x476.jpeg 768w, http:\/\/fegrama.cat\/web\/wp-content\/uploads\/2022\/03\/visita-asociaciones-vecinos-1536x952.jpeg 1536w, http:\/\/fegrama.cat\/web\/wp-content\/uploads\/2022\/03\/visita-asociaciones-vecinos.jpeg 1903w\" sizes=\"auto, (max-width: 1024px) 100vw, 1024px\" \/><figcaption>Juan Jos\u00e9 \u00c1lvarez y Antonio Morales de AVV Riu Sud, Salvador Jaraba de AVV Raval, Alberto Cruzado de AVV Can Mariner, Vicente Sanchez de AVV Oliveras, Joaquin Jaumejoan de AVV Singuerlin, Tom\u00e1s Fern\u00e1ndez de Favgram y AVV Riu Sud. <\/figcaption><\/figure><\/div>\n\n\n\n<p>A la seva visita van poder descobrir en profunditat tota la tasca social que realitza la Fundaci\u00f3 Esportiva Grama. Des del costat m\u00e9s solidari, la Grama, s&#8217;adhereix a les associacions de ve\u00efns de Santa Coloma per recaptar fons.<\/p>\n\n\n\n<p>Despr\u00e9s de la visita es va confirmar que els propers partits com a locals de lliga: Girona B (03\/04) i San Crist\u00f3bal (17\/04), tot el recaptat a taquilla anir\u00e0 destinat a les activitats infantils de l&#8217;AVV Riu Sud i l&#8217;AVV Raval .<\/p>\n\n\n\n<pre class=\"wp-block-verse\"><em><strong>\u00abLes persones estan per sobre de les banderes, els escuts i els s\u00edmbols. Aquest estadi \u00e9s de tots i per a tots els ciutadans de Santa Coloma\u00bb.<\/strong><\/em><\/pre>\n\n\n\n<div class=\"wp-block-image\"><figure class=\"aligncenter size-large\"><img loading=\"lazy\" decoding=\"async\" width=\"1024\" height=\"613\" src=\"https:\/\/fegrama.cat\/web\/wp-content\/uploads\/2022\/03\/WhatsApp-Image-2022-03-18-at-09.16.50-1-1024x613.jpeg\" alt=\"\" class=\"wp-image-30557\" srcset=\"http:\/\/fegrama.cat\/web\/wp-content\/uploads\/2022\/03\/WhatsApp-Image-2022-03-18-at-09.16.50-1-1024x613.jpeg 1024w, http:\/\/fegrama.cat\/web\/wp-content\/uploads\/2022\/03\/WhatsApp-Image-2022-03-18-at-09.16.50-1-300x179.jpeg 300w, http:\/\/fegrama.cat\/web\/wp-content\/uploads\/2022\/03\/WhatsApp-Image-2022-03-18-at-09.16.50-1-768x459.jpeg 768w, http:\/\/fegrama.cat\/web\/wp-content\/uploads\/2022\/03\/WhatsApp-Image-2022-03-18-at-09.16.50-1-1536x919.jpeg 1536w, http:\/\/fegrama.cat\/web\/wp-content\/uploads\/2022\/03\/WhatsApp-Image-2022-03-18-at-09.16.50-1.jpeg 2048w\" sizes=\"auto, (max-width: 1024px) 100vw, 1024px\" \/><\/figure><\/div>\n\n\n\n<p>El pasado jueves 17 de marzo nos visitaron representantes de las Asociaciones de Vecinos de Santa Coloma de Gramenet.<\/p>\n\n\n\n<p>En su visita pudieron descubrir en profundidad toda la labor social que realiza la Fundaci\u00f3 Esportiva Grama. Desde su lado m\u00e1s solidario, la Grama, se adhiere a las asociaciones de vecinos de Santa Coloma para recaudar fondos.<\/p>\n\n\n\n<p>Tras la visita se confirm\u00f3 que los pr\u00f3ximos partidos como locales de liga: Girona B (03\/04) y San Crist\u00f3bal (17\/04), todo lo recaudado en taquilla ir\u00e1 destinado a las actividades infantiles de la AVV Riu Sud y la AVV Raval.<\/p>\n\n\n\n<pre class=\"wp-block-verse\"><em><strong>\"Las personas est\u00e1n por encima de las banderas, los escudos y los s\u00edmbolos. Este estadio es de todos y para todos los ciudadanos de Santa Coloma\".<\/strong><\/em><\/pre>\n","protected":false},"excerpt":{"rendered":"<p>El passat dijous 17 de mar\u00e7 ens van visitar representants de les Associacions de Ve\u00efns de Santa Coloma de Gramenet. A la seva visita van poder descobrir en profunditat tota la tasca social que realitza la Fundaci\u00f3 Esportiva Grama. Des del costat m\u00e9s solidari, la Grama, s&#8217;adhereix a les associacions de ve\u00efns de Santa Coloma [&hellip;]<\/p>\n","protected":false},"author":1,"featured_media":30556,"comment_status":"closed","ping_status":"closed","sticky":false,"template":"","format":"standard","meta":{"footnotes":""},"categories":[14,15],"tags":[],"class_list":["post-30554","post","type-post","status-publish","format-standard","has-post-thumbnail","hentry","category-noticies","category-noticies-destacades"],"_links":{"self":[{"href":"http:\/\/fegrama.cat\/web\/wp-json\/wp\/v2\/posts\/30554","targetHints":{"allow":["GET"]}}],"collection":[{"href":"http:\/\/fegrama.cat\/web\/wp-json\/wp\/v2\/posts"}],"about":[{"href":"http:\/\/fegrama.cat\/web\/wp-json\/wp\/v2\/types\/post"}],"author":[{"embeddable":true,"href":"http:\/\/fegrama.cat\/web\/wp-json\/wp\/v2\/users\/1"}],"replies":[{"embeddable":true,"href":"http:\/\/fegrama.cat\/web\/wp-json\/wp\/v2\/comments?post=30554"}],"version-history":[{"count":2,"href":"http:\/\/fegrama.cat\/web\/wp-json\/wp\/v2\/posts\/30554\/revisions"}],"predecessor-version":[{"id":30558,"href":"http:\/\/fegrama.cat\/web\/wp-json\/wp\/v2\/posts\/30554\/revisions\/30558"}],"wp:featuredmedia":[{"embeddable":true,"href":"http:\/\/fegrama.cat\/web\/wp-json\/wp\/v2\/media\/30556"}],"wp:attachment":[{"href":"http:\/\/fegrama.cat\/web\/wp-json\/wp\/v2\/media?parent=30554"}],"wp:term":[{"taxonomy":"category","embeddable":true,"href":"http:\/\/fegrama.cat\/web\/wp-json\/wp\/v2\/categories?post=30554"},{"taxonomy":"post_tag","embeddable":true,"href":"http:\/\/fegrama.cat\/web\/wp-json\/wp\/v2\/tags?post=30554"}],"curies":[{"name":"wp","href":"https:\/\/api.w.org\/{rel}","templated":true}]}}