{"id":30545,"date":"2022-03-22T11:34:37","date_gmt":"2022-03-22T10:34:37","guid":{"rendered":"http:\/\/fegrama.cat\/web\/?p=30545"},"modified":"2022-03-22T11:34:37","modified_gmt":"2022-03-22T10:34:37","slug":"croniques-de-cadeca-amb-la-victoria-de-lescola-a","status":"publish","type":"post","link":"http:\/\/fegrama.cat\/web\/croniques-de-cadeca-amb-la-victoria-de-lescola-a\/","title":{"rendered":"Cr\u00f2niques de CADECA amb la vict\u00f2ria de l&#8217;Escola \u00abA\u00bb!"},"content":{"rendered":"\n<p><strong>Alzamora 0 &#8211; Escola \u201cA\u201d 6<\/strong><\/p>\n\n\n\n<p>Com sempre, un bon partit de tots els nois amb molt bona actitud, joc respectu\u00f3s amb els nens de l&#8217;altre equip i treball en equip amb els companys de l&#8217;equip.<br><br>En honor al dia del pare, els nens van expressar el seu afecte als seus pares amb gols i amb un gest al final del partit, demostrant el valor que tenen en les seves vides i l&#8217;agra\u00efment cap a ells.<\/p>\n\n\n\n<p><\/p>\n\n\n\n<figure class=\"wp-block-image size-large\"><img loading=\"lazy\" decoding=\"async\" width=\"1024\" height=\"577\" src=\"http:\/\/fegrama.cat\/web\/wp-content\/uploads\/2022\/03\/escuelitas-1024x577.jpeg\" alt=\"\" class=\"wp-image-30546\" srcset=\"http:\/\/fegrama.cat\/web\/wp-content\/uploads\/2022\/03\/escuelitas-1024x577.jpeg 1024w, http:\/\/fegrama.cat\/web\/wp-content\/uploads\/2022\/03\/escuelitas-300x169.jpeg 300w, http:\/\/fegrama.cat\/web\/wp-content\/uploads\/2022\/03\/escuelitas-768x432.jpeg 768w, http:\/\/fegrama.cat\/web\/wp-content\/uploads\/2022\/03\/escuelitas-1536x865.jpeg 1536w, http:\/\/fegrama.cat\/web\/wp-content\/uploads\/2022\/03\/escuelitas.jpeg 2000w\" sizes=\"auto, (max-width: 1024px) 100vw, 1024px\" \/><\/figure>\n\n\n\n<hr class=\"wp-block-separator\"\/>\n\n\n\n<p><\/p>\n\n\n\n<p><strong>Alzamora 0 &#8211; Escuela \u201cA\u201d 6<\/strong><\/p>\n\n\n\n<p>Como siempre, un buen partido de todos los chicos con muy buena actitud, juego respetuoso con los ni\u00f1os del otro equipo y trabajo en equipo con los compa\u00f1eros del equipo.&nbsp;<\/p>\n\n\n\n<p>En honor al d\u00eda del padre, los ni\u00f1os expresaron su afecto a sus pap\u00e1s con goles y con un gesto al final del partido, demostrando el valor que tienen en sus vidas y el agradecimiento hacia ellos.<\/p>\n\n\n\n<p><\/p>\n\n\n\n<p><\/p>\n\n\n\n<hr class=\"wp-block-separator is-style-wide\"\/>\n\n\n\n<p><\/p>\n\n\n\n<p><strong>Escola \u201cB\u201d 0\u00a0 &#8211; Llefi\u00e0 1<\/strong><\/p>\n\n\n\n<p>Els petits de l&#8217;Escola \u201cB\u201d tamb\u00e9 van jugar un partit molt disputat per part de tots dos equips, igualat en jugades amb acci\u00f3 de gol, tots dos equips amb joc net i solidaritat entre grups.<br><br>Va ser al final en l&#8217;\u00faltima part de la trobada, quan el\u00a0Llefi\u00e0\u00a0va anotar el gol i la\u00a0Grama\u00a0va tenir altres opcions per\u00f2 no es van concretar.<br>Felicitacions als nens, que van jugar un partit EXCEL\u00b7LENT!<\/p>\n\n\n\n<p><\/p>\n\n\n\n<hr class=\"wp-block-separator\"\/>\n\n\n\n<p><\/p>\n\n\n\n<p><strong>Escuela \u201cB\u201d 0\u00a0 &#8211; Llefi\u00e0 1<\/strong><\/p>\n\n\n\n<p>Los peque\u00f1os de la Escuela \u201cB\u201d tambi\u00e9n jugaron un partido muy disputado por parte de ambos equipos, igualado en jugadas con acci\u00f3n de gol, ambos equipos con juego limpio y solidaridad entre grupos.<\/p>\n\n\n\n<p>Fue al final en la \u00faltima parte del encuentro, cuando el Llefi\u00e0 anot\u00f3 el gol y la Grama tuvo otras opciones pero no se concretaron.&nbsp;<\/p>\n\n\n\n<p>\u00a1Felicitaciones a los ni\u00f1os, que jugaron un partido EXCELENTE!<\/p>\n","protected":false},"excerpt":{"rendered":"<p>Alzamora 0 &#8211; Escola \u201cA\u201d 6 Com sempre, un bon partit de tots els nois amb molt bona actitud, joc respectu\u00f3s amb els nens de l&#8217;altre equip i treball en equip amb els companys de l&#8217;equip. En honor al dia del pare, els nens van expressar el seu afecte als seus pares amb gols i [&hellip;]<\/p>\n","protected":false},"author":1,"featured_media":30546,"comment_status":"closed","ping_status":"closed","sticky":false,"template":"","format":"standard","meta":{"footnotes":""},"categories":[33],"tags":[],"class_list":["post-30545","post","type-post","status-publish","format-standard","has-post-thumbnail","hentry","category-escola-diari-feg"],"_links":{"self":[{"href":"http:\/\/fegrama.cat\/web\/wp-json\/wp\/v2\/posts\/30545","targetHints":{"allow":["GET"]}}],"collection":[{"href":"http:\/\/fegrama.cat\/web\/wp-json\/wp\/v2\/posts"}],"about":[{"href":"http:\/\/fegrama.cat\/web\/wp-json\/wp\/v2\/types\/post"}],"author":[{"embeddable":true,"href":"http:\/\/fegrama.cat\/web\/wp-json\/wp\/v2\/users\/1"}],"replies":[{"embeddable":true,"href":"http:\/\/fegrama.cat\/web\/wp-json\/wp\/v2\/comments?post=30545"}],"version-history":[{"count":1,"href":"http:\/\/fegrama.cat\/web\/wp-json\/wp\/v2\/posts\/30545\/revisions"}],"predecessor-version":[{"id":30547,"href":"http:\/\/fegrama.cat\/web\/wp-json\/wp\/v2\/posts\/30545\/revisions\/30547"}],"wp:featuredmedia":[{"embeddable":true,"href":"http:\/\/fegrama.cat\/web\/wp-json\/wp\/v2\/media\/30546"}],"wp:attachment":[{"href":"http:\/\/fegrama.cat\/web\/wp-json\/wp\/v2\/media?parent=30545"}],"wp:term":[{"taxonomy":"category","embeddable":true,"href":"http:\/\/fegrama.cat\/web\/wp-json\/wp\/v2\/categories?post=30545"},{"taxonomy":"post_tag","embeddable":true,"href":"http:\/\/fegrama.cat\/web\/wp-json\/wp\/v2\/tags?post=30545"}],"curies":[{"name":"wp","href":"https:\/\/api.w.org\/{rel}","templated":true}]}}