{"id":30539,"date":"2022-03-22T10:49:11","date_gmt":"2022-03-22T09:49:11","guid":{"rendered":"http:\/\/fegrama.cat\/web\/?p=30539"},"modified":"2022-03-22T10:49:12","modified_gmt":"2022-03-22T09:49:12","slug":"croniques-dels-infantils-amb-la-victoria-del-d","status":"publish","type":"post","link":"http:\/\/fegrama.cat\/web\/croniques-dels-infantils-amb-la-victoria-del-d\/","title":{"rendered":"Cr\u00f2niques dels Infantils amb la vict\u00f2ria del \u00abD\u00bb!"},"content":{"rendered":"\n<p><strong>Vila Ol\u00edmpica 2 &#8211; Infantil \u201cA\u201d 1<\/strong><\/p>\n\n\n\n<p>A l&#8217;Infantil \u201cA\u201d li va tocar jugar el seu partit setmanal, fora de casa. Contra un rival que no va proposar res amb la pilota, per\u00f2 que malgrat aix\u00f2, amb dues contres va poder sumar dos gols i aconseguir la vict\u00f2ria.<br><br>En el cas de la\u00a0Grama, va ser Diego qui va marcar el gol, per\u00f2 toca continuar lluitant perqu\u00e8 aquests es multipliquin.<\/p>\n\n\n\n<figure class=\"wp-block-image size-large\"><img loading=\"lazy\" decoding=\"async\" width=\"766\" height=\"1024\" src=\"http:\/\/fegrama.cat\/web\/wp-content\/uploads\/2022\/03\/infantil-a-766x1024.jpeg\" alt=\"\" class=\"wp-image-30540\" srcset=\"http:\/\/fegrama.cat\/web\/wp-content\/uploads\/2022\/03\/infantil-a-766x1024.jpeg 766w, http:\/\/fegrama.cat\/web\/wp-content\/uploads\/2022\/03\/infantil-a-224x300.jpeg 224w, http:\/\/fegrama.cat\/web\/wp-content\/uploads\/2022\/03\/infantil-a-768x1027.jpeg 768w, http:\/\/fegrama.cat\/web\/wp-content\/uploads\/2022\/03\/infantil-a-1149x1536.jpeg 1149w, http:\/\/fegrama.cat\/web\/wp-content\/uploads\/2022\/03\/infantil-a.jpeg 1496w\" sizes=\"auto, (max-width: 766px) 100vw, 766px\" \/><\/figure>\n\n\n\n<p><\/p>\n\n\n\n<hr class=\"wp-block-separator\"\/>\n\n\n\n<p><\/p>\n\n\n\n<p><strong>Vila Ol\u00edmpica 2 &#8211; Infantil \u201cA\u201d 1<\/strong><\/p>\n\n\n\n<p>Al Infantil \u201cA\u201d le toc\u00f3 jugar su partido semanal, fuera de casa. Contra un rival que no propuso nada con el bal\u00f3n, pero que a pesar de eso, con dos contras pudo sumar dos goles y conseguir la victoria.&nbsp;<\/p>\n\n\n\n<p>En el caso de la Grama, fue Diego qui\u00e9n marc\u00f3 el gol, pero toca seguir luchando para que estos se multipliquen.<\/p>\n\n\n\n<p><\/p>\n\n\n\n<p><\/p>\n\n\n\n<hr class=\"wp-block-separator is-style-wide\"\/>\n\n\n\n<p><strong>Infantil \u201cD\u201d 3 &#8211; Racing Sarri\u00e0 1<\/strong><\/p>\n\n\n\n<p>Els de l&#8217;Infantil \u201cD\u201d van jugar un partit complicat on no acabaven de ser superiors fins als \u00faltims minuts de joc. Els nois van reaccionar a partir de l&#8217;empat 1 a 1. No es volien quedar aqu\u00ed i lluitant, amb bon joc i creant ocasions, van acabar arribant els gols mancant deu minuts.<br><br>A continuar treballant en equip nois!<\/p>\n\n\n\n<p><\/p>\n\n\n\n<hr class=\"wp-block-separator\"\/>\n\n\n\n<p><\/p>\n\n\n\n<p><strong>Infantil \u201cD\u201d 3 &#8211; Racing Sarri\u00e0 1<\/strong><\/p>\n\n\n\n<p>Los del Infantil \u201cD\u201d jugaron un partido complicado donde no acababan de ser superiores hasta los \u00faltimos minutos de juego. Los chicos reaccionaron a partir del empate 1 a 1. No se quer\u00edan quedar ah\u00ed y luchando, con buen juego y creando ocasiones, acabaron llegando los goles a falta de diez minutos.<\/p>\n\n\n\n<p>\u00a1A seguir trabajando en equipo chicos!<\/p>\n","protected":false},"excerpt":{"rendered":"<p>Vila Ol\u00edmpica 2 &#8211; Infantil \u201cA\u201d 1 A l&#8217;Infantil \u201cA\u201d li va tocar jugar el seu partit setmanal, fora de casa. Contra un rival que no va proposar res amb la pilota, per\u00f2 que malgrat aix\u00f2, amb dues contres va poder sumar dos gols i aconseguir la vict\u00f2ria. En el cas de la\u00a0Grama, va ser [&hellip;]<\/p>\n","protected":false},"author":1,"featured_media":30540,"comment_status":"closed","ping_status":"closed","sticky":false,"template":"","format":"standard","meta":{"footnotes":""},"categories":[4,9],"tags":[],"class_list":["post-30539","post","type-post","status-publish","format-standard","has-post-thumbnail","hentry","category-base-inclusiu","category-infantils"],"_links":{"self":[{"href":"http:\/\/fegrama.cat\/web\/wp-json\/wp\/v2\/posts\/30539","targetHints":{"allow":["GET"]}}],"collection":[{"href":"http:\/\/fegrama.cat\/web\/wp-json\/wp\/v2\/posts"}],"about":[{"href":"http:\/\/fegrama.cat\/web\/wp-json\/wp\/v2\/types\/post"}],"author":[{"embeddable":true,"href":"http:\/\/fegrama.cat\/web\/wp-json\/wp\/v2\/users\/1"}],"replies":[{"embeddable":true,"href":"http:\/\/fegrama.cat\/web\/wp-json\/wp\/v2\/comments?post=30539"}],"version-history":[{"count":1,"href":"http:\/\/fegrama.cat\/web\/wp-json\/wp\/v2\/posts\/30539\/revisions"}],"predecessor-version":[{"id":30541,"href":"http:\/\/fegrama.cat\/web\/wp-json\/wp\/v2\/posts\/30539\/revisions\/30541"}],"wp:featuredmedia":[{"embeddable":true,"href":"http:\/\/fegrama.cat\/web\/wp-json\/wp\/v2\/media\/30540"}],"wp:attachment":[{"href":"http:\/\/fegrama.cat\/web\/wp-json\/wp\/v2\/media?parent=30539"}],"wp:term":[{"taxonomy":"category","embeddable":true,"href":"http:\/\/fegrama.cat\/web\/wp-json\/wp\/v2\/categories?post=30539"},{"taxonomy":"post_tag","embeddable":true,"href":"http:\/\/fegrama.cat\/web\/wp-json\/wp\/v2\/tags?post=30539"}],"curies":[{"name":"wp","href":"https:\/\/api.w.org\/{rel}","templated":true}]}}