{"id":30530,"date":"2022-03-21T17:22:59","date_gmt":"2022-03-21T16:22:59","guid":{"rendered":"http:\/\/fegrama.cat\/web\/?p=30530"},"modified":"2022-03-21T17:23:00","modified_gmt":"2022-03-21T16:23:00","slug":"una-victoria-molt-lluitada-pel-juvenil-b","status":"publish","type":"post","link":"http:\/\/fegrama.cat\/web\/una-victoria-molt-lluitada-pel-juvenil-b\/","title":{"rendered":"Una vict\u00f2ria molt lluitada pel Juvenil \u00abB\u00bb!"},"content":{"rendered":"\n<p><strong>Juvenil \u201cB\u201d 3 &#8211; Sant Andreu 0<\/strong><\/p>\n\n\n\n<p>Els nois del Juvenil \u201cB\u201d van jugar un partit molt disputat de principi a fi. El resultat sembla inflat, per\u00f2 es va sofrir molt. La\u00a0Grama\u00a0ho va donar tot, per\u00f2 el\u00a0Sant\u00a0Andreu no es va quedar enrere en aquest aspecte.<br><br>Els tres punts es queden a casa i l&#8217;equip agafa bones sensacions per a arrencar amb els tres \u00faltims partits abans de Setmana Santa.<\/p>\n\n\n\n<figure class=\"wp-block-image size-large\"><img loading=\"lazy\" decoding=\"async\" width=\"768\" height=\"1024\" src=\"http:\/\/fegrama.cat\/web\/wp-content\/uploads\/2022\/03\/juvenil-b-768x1024.jpeg\" alt=\"\" class=\"wp-image-30531\" srcset=\"http:\/\/fegrama.cat\/web\/wp-content\/uploads\/2022\/03\/juvenil-b-768x1024.jpeg 768w, http:\/\/fegrama.cat\/web\/wp-content\/uploads\/2022\/03\/juvenil-b-225x300.jpeg 225w, http:\/\/fegrama.cat\/web\/wp-content\/uploads\/2022\/03\/juvenil-b-1152x1536.jpeg 1152w, http:\/\/fegrama.cat\/web\/wp-content\/uploads\/2022\/03\/juvenil-b.jpeg 1200w\" sizes=\"auto, (max-width: 768px) 100vw, 768px\" \/><\/figure>\n\n\n\n<p><\/p>\n\n\n\n<hr class=\"wp-block-separator\"\/>\n\n\n\n<p><\/p>\n\n\n\n<p><strong>Juvenil \u201cB\u201d 3 &#8211; Sant Andreu 0<\/strong><\/p>\n\n\n\n<p>Los chicos del Juvenil \u201cB\u201d jugaron un partido muy disputado de principio a fin. El resultado parece abultado, pero se sufri\u00f3 mucho. La Grama lo dio todo, pero el Sant Andreu no se qued\u00f3 atr\u00e1s en este aspecto.&nbsp;<\/p>\n\n\n\n<p>Los tres puntos se quedan en casa y el equipo coge buenas sensaciones para arrancar con los tres \u00faltimos partidos antes de Semana Santa.<\/p>\n","protected":false},"excerpt":{"rendered":"<p>Juvenil \u201cB\u201d 3 &#8211; Sant Andreu 0 Els nois del Juvenil \u201cB\u201d van jugar un partit molt disputat de principi a fi. El resultat sembla inflat, per\u00f2 es va sofrir molt. La\u00a0Grama\u00a0ho va donar tot, per\u00f2 el\u00a0Sant\u00a0Andreu no es va quedar enrere en aquest aspecte. Els tres punts es queden a casa i l&#8217;equip agafa [&hellip;]<\/p>\n","protected":false},"author":1,"featured_media":30531,"comment_status":"closed","ping_status":"closed","sticky":false,"template":"","format":"standard","meta":{"footnotes":""},"categories":[4,6],"tags":[],"class_list":["post-30530","post","type-post","status-publish","format-standard","has-post-thumbnail","hentry","category-base-inclusiu","category-juvenils"],"_links":{"self":[{"href":"http:\/\/fegrama.cat\/web\/wp-json\/wp\/v2\/posts\/30530","targetHints":{"allow":["GET"]}}],"collection":[{"href":"http:\/\/fegrama.cat\/web\/wp-json\/wp\/v2\/posts"}],"about":[{"href":"http:\/\/fegrama.cat\/web\/wp-json\/wp\/v2\/types\/post"}],"author":[{"embeddable":true,"href":"http:\/\/fegrama.cat\/web\/wp-json\/wp\/v2\/users\/1"}],"replies":[{"embeddable":true,"href":"http:\/\/fegrama.cat\/web\/wp-json\/wp\/v2\/comments?post=30530"}],"version-history":[{"count":1,"href":"http:\/\/fegrama.cat\/web\/wp-json\/wp\/v2\/posts\/30530\/revisions"}],"predecessor-version":[{"id":30532,"href":"http:\/\/fegrama.cat\/web\/wp-json\/wp\/v2\/posts\/30530\/revisions\/30532"}],"wp:featuredmedia":[{"embeddable":true,"href":"http:\/\/fegrama.cat\/web\/wp-json\/wp\/v2\/media\/30531"}],"wp:attachment":[{"href":"http:\/\/fegrama.cat\/web\/wp-json\/wp\/v2\/media?parent=30530"}],"wp:term":[{"taxonomy":"category","embeddable":true,"href":"http:\/\/fegrama.cat\/web\/wp-json\/wp\/v2\/categories?post=30530"},{"taxonomy":"post_tag","embeddable":true,"href":"http:\/\/fegrama.cat\/web\/wp-json\/wp\/v2\/tags?post=30530"}],"curies":[{"name":"wp","href":"https:\/\/api.w.org\/{rel}","templated":true}]}}