{"id":30511,"date":"2022-03-20T15:51:45","date_gmt":"2022-03-20T14:51:45","guid":{"rendered":"http:\/\/fegrama.cat\/web\/?p=30511"},"modified":"2022-03-20T16:04:39","modified_gmt":"2022-03-20T15:04:39","slug":"derrota-duna-grama-absent-0-2","status":"publish","type":"post","link":"http:\/\/fegrama.cat\/web\/derrota-duna-grama-absent-0-2\/","title":{"rendered":"Derrota d&#8217;una Grama absent (0-2)"},"content":{"rendered":"\n<div class=\"wp-block-image\"><figure class=\"aligncenter size-large\"><img loading=\"lazy\" decoding=\"async\" width=\"1024\" height=\"683\" src=\"https:\/\/fegrama.cat\/web\/wp-content\/uploads\/2022\/03\/WhatsApp-Image-2022-03-20-at-13.30.09-1024x683.jpeg\" alt=\"\" class=\"wp-image-30515\" srcset=\"http:\/\/fegrama.cat\/web\/wp-content\/uploads\/2022\/03\/WhatsApp-Image-2022-03-20-at-13.30.09-1024x683.jpeg 1024w, http:\/\/fegrama.cat\/web\/wp-content\/uploads\/2022\/03\/WhatsApp-Image-2022-03-20-at-13.30.09-300x200.jpeg 300w, http:\/\/fegrama.cat\/web\/wp-content\/uploads\/2022\/03\/WhatsApp-Image-2022-03-20-at-13.30.09-768x512.jpeg 768w, http:\/\/fegrama.cat\/web\/wp-content\/uploads\/2022\/03\/WhatsApp-Image-2022-03-20-at-13.30.09-1536x1024.jpeg 1536w, http:\/\/fegrama.cat\/web\/wp-content\/uploads\/2022\/03\/WhatsApp-Image-2022-03-20-at-13.30.09.jpeg 2048w\" sizes=\"auto, (max-width: 1024px) 100vw, 1024px\" \/><\/figure><\/div>\n\n\n\n<p>Dolorosa derrota d&#8217;una Fundaci\u00f3 Esportiva Grama absent i sense \u00e0nima. 0-2 davant de la UE Figueres, desaprofitant la derrota d&#8217;un rival directe pel play-off. Segueix la Grama ficada a la lluita per\u00f2 mancant 5 partits cada vegada \u00e9s m\u00e9s complicat.<\/p>\n\n\n\n<p>L&#8217;equip de Mois\u00e9s Hurtado va entrar millor que el de Juanma Pons, m\u00e9s intensos i amb una actitud vital de cara al seu respectiu objectiu que \u00e9s la perman\u00e8ncia. A la Grama no li sortien les coses i aviat veuria com el rival comen\u00e7ava a avisar.<\/p>\n\n\n\n<p>Al quart d&#8217;hora des de la frontal Espu\u00f1a topava amb Guiseris, un minut despr\u00e9s un altre cop Guiseris apareixia per evitar el gol en un contraatac i dos minuts m\u00e9s tard enviaven per sobre de la porteria un altre xut. Finalment al minut 21 un mal rebuig a l&#8217;\u00e0rea va beneficiar Espu\u00f1a que de primeres marcava el 0-1.<\/p>\n\n\n\n<p>La Grama va reaccionar i va tenir l&#8217;empat. Primer una bona centrada de Roger acabaria rebotant la pilota i Peris l&#8217;estavellaria contra el travesser. I segon, amb els mateixos protagonistes, c\u00f3rner llan\u00e7at per Peris i rematat de cap per Roger. No va arribar l&#8217;1-1 i al 36\u2032 va arribar el 0-2 despr\u00e9s d&#8217;entrar a l&#8217;\u00e0rea Suaibo i servir a la safata el gol a Urri.<\/p>\n\n\n\n<div class=\"wp-block-image\"><figure class=\"aligncenter size-large\"><img loading=\"lazy\" decoding=\"async\" width=\"1024\" height=\"683\" src=\"https:\/\/fegrama.cat\/web\/wp-content\/uploads\/2022\/03\/WhatsApp-Image-2022-03-20-at-13.30.09-1-1024x683.jpeg\" alt=\"\" class=\"wp-image-30516\" srcset=\"http:\/\/fegrama.cat\/web\/wp-content\/uploads\/2022\/03\/WhatsApp-Image-2022-03-20-at-13.30.09-1-1024x683.jpeg 1024w, http:\/\/fegrama.cat\/web\/wp-content\/uploads\/2022\/03\/WhatsApp-Image-2022-03-20-at-13.30.09-1-300x200.jpeg 300w, http:\/\/fegrama.cat\/web\/wp-content\/uploads\/2022\/03\/WhatsApp-Image-2022-03-20-at-13.30.09-1-768x512.jpeg 768w, http:\/\/fegrama.cat\/web\/wp-content\/uploads\/2022\/03\/WhatsApp-Image-2022-03-20-at-13.30.09-1-1536x1024.jpeg 1536w, http:\/\/fegrama.cat\/web\/wp-content\/uploads\/2022\/03\/WhatsApp-Image-2022-03-20-at-13.30.09-1.jpeg 2048w\" sizes=\"auto, (max-width: 1024px) 100vw, 1024px\" \/><figcaption>Adri Rosa &#8216;Rolo&#8217; avui titular amb el primer equip. Tamb\u00e9 va tenir minuts el seu company del Juvenil A, Oliver Acosta.<\/figcaption><\/figure><\/div>\n\n\n\n<p>La Grama no va poder reaccionar i va tenir el tercer el Figueres en un xut alt de Jose. Despr\u00e9s del descans Juanma Pons va introduir dos canvis donant entrada a \u00c1ngel i Montalb\u00e1n per jugar amb un 3-4-3. Segon temps on malgrat intentar-ho el Figueres ben col\u00b7locat va saber frenar una Grama sense idees, sense aconseguir desplegar el seu joc i basant-ho tot en pilotes llargues.<\/p>\n\n\n\n<p>Guiseris al 55\u2032 va apar\u00e8ixer estel\u00b7lar per evitar el tercer, i despr\u00e9s la Grama va despertar amb un xut de Montalb\u00e1n que el porter va enviar a c\u00f3rner. Alan de cap tamb\u00e9 la va tenir (64\u2032) i quatre minuts m\u00e9s tard Antonicelli de cap estavellava la pilota contra el pal.<\/p>\n\n\n\n<p>Fins al final ho van intentar els colomencs per\u00f2 sense crear perill excepte en un cop de cap de Montalb\u00e1n ben parat pel porter (70\u2032) per\u00f2 va ser de nou Guiseris el protagonista fent dues parades m\u00e9s per evitar un resultat m\u00e9s gran. 0-2 final i la Grama frena en sec les bones sensacions.<\/p>\n\n\n\n<p class=\"has-text-align-right\"><em><strong>Fotos: Laura Hern\u00e1ndez<\/strong><\/em><\/p>\n\n\n\n<div class=\"wp-block-image\"><figure class=\"aligncenter size-large\"><img loading=\"lazy\" decoding=\"async\" width=\"1024\" height=\"642\" src=\"https:\/\/fegrama.cat\/web\/wp-content\/uploads\/2022\/03\/WhatsApp-Image-2022-03-20-at-13.30.08-1024x642.jpeg\" alt=\"\" class=\"wp-image-30514\" srcset=\"http:\/\/fegrama.cat\/web\/wp-content\/uploads\/2022\/03\/WhatsApp-Image-2022-03-20-at-13.30.08-1024x642.jpeg 1024w, http:\/\/fegrama.cat\/web\/wp-content\/uploads\/2022\/03\/WhatsApp-Image-2022-03-20-at-13.30.08-300x188.jpeg 300w, http:\/\/fegrama.cat\/web\/wp-content\/uploads\/2022\/03\/WhatsApp-Image-2022-03-20-at-13.30.08-768x481.jpeg 768w, http:\/\/fegrama.cat\/web\/wp-content\/uploads\/2022\/03\/WhatsApp-Image-2022-03-20-at-13.30.08-1536x963.jpeg 1536w, http:\/\/fegrama.cat\/web\/wp-content\/uploads\/2022\/03\/WhatsApp-Image-2022-03-20-at-13.30.08.jpeg 1951w\" sizes=\"auto, (max-width: 1024px) 100vw, 1024px\" \/><\/figure><\/div>\n\n\n\n<p>Dolorosa derrota de una Fundaci\u00f3 Esportiva Grama ausente y sin alma. 0-2 ante la UE Figueres, desaprovechando la derrota de un rival directo por el play-off. Sigue la Grama metida en la lucha pero a falta de 5 jornadas cada vez es m\u00e1s complicado.<\/p>\n\n\n\n<p>Entr\u00f3 mejor el equipo de Mois\u00e9s Hurtado que el de Juanma Pons, m\u00e1s intensos y con una actitud vital de cara a su respectivo objetivo que es la permanencia. A la Grama no le sal\u00edan las cosas y pronto ver\u00eda como su rival empezaba a avisar. <\/p>\n\n\n\n<p>Al cuarto de hora desde la frontal Espu\u00f1a se topaba con Guiseris, un minuto despu\u00e9s de nuevo Guiseris aparec\u00eda para evitar el gol en un contraataque y dos minutos m\u00e1s tarde enviaban por encima de la porter\u00eda otro chute. Finalmente en el minuto 21 un mal despeje en el \u00e1rea benefici\u00f3 a Espu\u00f1a que de primeras marcaba el 0-1.<\/p>\n\n\n\n<p>La Grama reaccion\u00f3 y tuvo el empate. Primero un buen centro de Roger acabar\u00eda rebotando el bal\u00f3n y Peris lo estrellar\u00eda contra el larguero. Y segundo, con los mismos protagonistas, c\u00f3rner lanzado por Peris y rematado de cabeza por Roger. No lleg\u00f3 el 1-1 y en el 36&#8242; lleg\u00f3 el 0-2 despu\u00e9s de entrar al \u00e1rea Suaibo y servir en bandeja el gol a Urri. <\/p>\n\n\n\n<p>La Grama no pudo reaccionar y tuvo el tercero el Figueres en un tiro alto de Jose. Tras el descanso Juanma Pons introdujo dos cambios dando entrada a \u00c1ngel y Montalb\u00e1n para jugar con un 3-4-3. Segundo tiempo donde pese a intentarlo el Figueres bien colocado supo frenar una Grama sin ideas, sin conseguir desplegar su juego y basando todo en balones en largo. <\/p>\n\n\n\n<p>Guiseris en el 55&#8242; apareci\u00f3 estelar para evitar el tercero, y despu\u00e9s la Grama despert\u00f3 con un chut de Montalb\u00e1n que el portero envi\u00f3 a c\u00f3rner. Alan de cabeza tambi\u00e9n la tuvo (64&#8242;) y cuatro minutos m\u00e1s tarde Antonicelli de cabeza estrellaba la pelota contra el palo.<\/p>\n\n\n\n<p>Hasta el final lo intentaron los colomenses pero sin crear peligro salv\u00f3 en un cabezazo de Montalb\u00e1n bien parado por el portero (70&#8242;) pero fue de nuevo Guiseris el protagonista haciendo dos paradas m\u00e1s para evitar un resultado mayor. 0-2 final y la Grama frena en seco su buenas sensaciones.<\/p>\n","protected":false},"excerpt":{"rendered":"<p>Dolorosa derrota d&#8217;una Fundaci\u00f3 Esportiva Grama absent i sense \u00e0nima. 0-2 davant de la UE Figueres, desaprofitant la derrota d&#8217;un rival directe pel play-off. Segueix la Grama ficada a la lluita per\u00f2 mancant 5 partits cada vegada \u00e9s m\u00e9s complicat. L&#8217;equip de Mois\u00e9s Hurtado va entrar millor que el de Juanma Pons, m\u00e9s intensos i [&hellip;]<\/p>\n","protected":false},"author":1,"featured_media":30515,"comment_status":"closed","ping_status":"closed","sticky":false,"template":"","format":"standard","meta":{"footnotes":""},"categories":[5],"tags":[],"class_list":["post-30511","post","type-post","status-publish","format-standard","has-post-thumbnail","hentry","category-primer-equip"],"_links":{"self":[{"href":"http:\/\/fegrama.cat\/web\/wp-json\/wp\/v2\/posts\/30511","targetHints":{"allow":["GET"]}}],"collection":[{"href":"http:\/\/fegrama.cat\/web\/wp-json\/wp\/v2\/posts"}],"about":[{"href":"http:\/\/fegrama.cat\/web\/wp-json\/wp\/v2\/types\/post"}],"author":[{"embeddable":true,"href":"http:\/\/fegrama.cat\/web\/wp-json\/wp\/v2\/users\/1"}],"replies":[{"embeddable":true,"href":"http:\/\/fegrama.cat\/web\/wp-json\/wp\/v2\/comments?post=30511"}],"version-history":[{"count":4,"href":"http:\/\/fegrama.cat\/web\/wp-json\/wp\/v2\/posts\/30511\/revisions"}],"predecessor-version":[{"id":30518,"href":"http:\/\/fegrama.cat\/web\/wp-json\/wp\/v2\/posts\/30511\/revisions\/30518"}],"wp:featuredmedia":[{"embeddable":true,"href":"http:\/\/fegrama.cat\/web\/wp-json\/wp\/v2\/media\/30515"}],"wp:attachment":[{"href":"http:\/\/fegrama.cat\/web\/wp-json\/wp\/v2\/media?parent=30511"}],"wp:term":[{"taxonomy":"category","embeddable":true,"href":"http:\/\/fegrama.cat\/web\/wp-json\/wp\/v2\/categories?post=30511"},{"taxonomy":"post_tag","embeddable":true,"href":"http:\/\/fegrama.cat\/web\/wp-json\/wp\/v2\/tags?post=30511"}],"curies":[{"name":"wp","href":"https:\/\/api.w.org\/{rel}","templated":true}]}}