{"id":30498,"date":"2022-03-14T14:04:55","date_gmt":"2022-03-14T13:04:55","guid":{"rendered":"http:\/\/fegrama.cat\/web\/?p=30498"},"modified":"2022-03-14T14:04:56","modified_gmt":"2022-03-14T13:04:56","slug":"croniques-dels-femenins-amb-la-victoria-del-cadet","status":"publish","type":"post","link":"http:\/\/fegrama.cat\/web\/croniques-dels-femenins-amb-la-victoria-del-cadet\/","title":{"rendered":"Cr\u00f2niques dels Femenins amb la vict\u00f2ria del Cadet!"},"content":{"rendered":"\n<p><strong>Cadet Femen\u00ed 5 &#8211; Pere gol 2<\/strong><\/p>\n\n\n\n<p>Partit molt complicat, en el qual les s\u00faperguerreres \u201cblavenques\u201d van haver de remontar un 0 a 2. Els primers minuts fan anar perdent 0 a 1 fins al descans, encara que tenint moltes ocasions i diverses xutades als pals no es van aconseguir materialitzar les ocasions per a marcar durant els primers 35 minuts.<\/p>\n\n\n\n<p>Repetint la mateixa t\u00f2nica que en el primer temps, en l&#8217;inici de la segona meitat, les del Pere Gol es posen 0 a 2, per\u00f2 sense baixar els bra\u00e7os i insistint van aconseguir remuntar un partit que s&#8217;estava posant molt complicat. L&#8217;equip continua sumant de tres en tres, per\u00f2 toca aprendre d&#8217;aquests partits, que ensenyen a no baixar la gu\u00e0rdia davant cap rival.<\/p>\n\n\n\n<p>Manar tot el suport i afecte a Ada, que ahir durant el partit del juvenil B es va emportar un fort cop al cap. \u00c0nims Ada!!<\/p>\n\n\n\n<figure class=\"wp-block-image size-large\"><img loading=\"lazy\" decoding=\"async\" width=\"1024\" height=\"682\" src=\"http:\/\/fegrama.cat\/web\/wp-content\/uploads\/2022\/03\/cadet-fem-1024x682.jpeg\" alt=\"\" class=\"wp-image-30499\" srcset=\"http:\/\/fegrama.cat\/web\/wp-content\/uploads\/2022\/03\/cadet-fem-1024x682.jpeg 1024w, http:\/\/fegrama.cat\/web\/wp-content\/uploads\/2022\/03\/cadet-fem-300x200.jpeg 300w, http:\/\/fegrama.cat\/web\/wp-content\/uploads\/2022\/03\/cadet-fem-768x512.jpeg 768w, http:\/\/fegrama.cat\/web\/wp-content\/uploads\/2022\/03\/cadet-fem-1536x1023.jpeg 1536w, http:\/\/fegrama.cat\/web\/wp-content\/uploads\/2022\/03\/cadet-fem.jpeg 1600w\" sizes=\"auto, (max-width: 1024px) 100vw, 1024px\" \/><\/figure>\n\n\n\n<p><\/p>\n\n\n\n<hr class=\"wp-block-separator\"\/>\n\n\n\n<p><\/p>\n\n\n\n<p><strong>Cadete Femenino 5 &#8211; Pere gol 2<\/strong><\/p>\n\n\n\n<p><\/p>\n\n\n\n<p>Partido muy complicado, en el cual las s\u00faper-guerreras \u201cazulonas\u201d tuvieron que remontar un 0 a 2. Los primeros minutos hacen ir perdiendo 0 a 1 hasta el descanso, a\u00fan teniendo muchas ocasiones y varios chutes a los palos no se consiguieron materializar las ocasiones para marcar durante los primeros 35 minutos.<\/p>\n\n\n\n<p>Repitiendo la misma t\u00f3nica que en el primer tiempo, en el inicio de la segunda mitad, las del Pere Gol se ponen 0 a 2, pero sin bajar los brazos e insistiendo lograron remontar un partido que se estaba poniendo muy complicado. El equipo sigue sumando de tres en tres, pero toca aprender de estos partidos, que ense\u00f1an a no bajar la guardia ante ning\u00fan rival.&nbsp;<\/p>\n\n\n\n<p>Mandar todo el apoyo y cari\u00f1o a Ada, que ayer durante el partido del juvenil B se llev\u00f3 un fuerte golpe en la cabeza. \u00c1nimo Ada!!<\/p>\n\n\n\n<p><\/p>\n\n\n\n<hr class=\"wp-block-separator is-style-wide\"\/>\n\n\n\n<p><\/p>\n\n\n\n<p><strong>Martinenc 1 &#8211; Juvenil Femen\u00ed \u201cB\u201d 0<\/strong><\/p>\n\n\n\n<p>Partit marcat per l&#8217;estat del camp, semblava una competici\u00f3 de nataci\u00f3, per\u00f2 no, es tractava d&#8217;un partit de futbol.<\/p>\n\n\n\n<p>Primera part molt dolenta de les nostres on van encaixar el gol en una jugada a\u00efllada. A la segona part van sortir amb m\u00e9s intensitat, m\u00e9s concentraci\u00f3 i m\u00e9s ficades al partit, amb alguna ocasi\u00f3 per a fer l&#8217;empat, per\u00f2 no va ser possible. Toca continuar treballant.<\/p>\n\n\n\n<p><\/p>\n\n\n\n<hr class=\"wp-block-separator\"\/>\n\n\n\n<p><\/p>\n\n\n\n<p><strong>Martinenc 1 &#8211; Juvenil Femenino \u201cB\u201d 0<\/strong><\/p>\n\n\n\n<p>Partido marcado por el estado del campo, parec\u00eda una competici\u00f3n de nataci\u00f3n, pero no, se trataba de un partido de f\u00fatbol.<\/p>\n\n\n\n<p>Primera parte muy mala de las nuestras donde encajaron el gol en una jugada aislada. En la segunda parte salieron con m\u00e1s intensidad, m\u00e1s concentraci\u00f3n y m\u00e1s enchufadas con alguna ocasi\u00f3n para hacer el empate pero no fue posible. Toca seguir trabajando.<\/p>\n","protected":false},"excerpt":{"rendered":"<p>Cadet Femen\u00ed 5 &#8211; Pere gol 2 Partit molt complicat, en el qual les s\u00faperguerreres \u201cblavenques\u201d van haver de remontar un 0 a 2. Els primers minuts fan anar perdent 0 a 1 fins al descans, encara que tenint moltes ocasions i diverses xutades als pals no es van aconseguir materialitzar les ocasions per a [&hellip;]<\/p>\n","protected":false},"author":1,"featured_media":30499,"comment_status":"closed","ping_status":"closed","sticky":false,"template":"","format":"standard","meta":{"footnotes":""},"categories":[13],"tags":[],"class_list":["post-30498","post","type-post","status-publish","format-standard","has-post-thumbnail","hentry","category-femeni"],"_links":{"self":[{"href":"http:\/\/fegrama.cat\/web\/wp-json\/wp\/v2\/posts\/30498","targetHints":{"allow":["GET"]}}],"collection":[{"href":"http:\/\/fegrama.cat\/web\/wp-json\/wp\/v2\/posts"}],"about":[{"href":"http:\/\/fegrama.cat\/web\/wp-json\/wp\/v2\/types\/post"}],"author":[{"embeddable":true,"href":"http:\/\/fegrama.cat\/web\/wp-json\/wp\/v2\/users\/1"}],"replies":[{"embeddable":true,"href":"http:\/\/fegrama.cat\/web\/wp-json\/wp\/v2\/comments?post=30498"}],"version-history":[{"count":1,"href":"http:\/\/fegrama.cat\/web\/wp-json\/wp\/v2\/posts\/30498\/revisions"}],"predecessor-version":[{"id":30500,"href":"http:\/\/fegrama.cat\/web\/wp-json\/wp\/v2\/posts\/30498\/revisions\/30500"}],"wp:featuredmedia":[{"embeddable":true,"href":"http:\/\/fegrama.cat\/web\/wp-json\/wp\/v2\/media\/30499"}],"wp:attachment":[{"href":"http:\/\/fegrama.cat\/web\/wp-json\/wp\/v2\/media?parent=30498"}],"wp:term":[{"taxonomy":"category","embeddable":true,"href":"http:\/\/fegrama.cat\/web\/wp-json\/wp\/v2\/categories?post=30498"},{"taxonomy":"post_tag","embeddable":true,"href":"http:\/\/fegrama.cat\/web\/wp-json\/wp\/v2\/tags?post=30498"}],"curies":[{"name":"wp","href":"https:\/\/api.w.org\/{rel}","templated":true}]}}