{"id":30476,"date":"2022-03-13T13:17:57","date_gmt":"2022-03-13T12:17:57","guid":{"rendered":"http:\/\/fegrama.cat\/web\/?p=30476"},"modified":"2022-03-13T13:17:58","modified_gmt":"2022-03-13T12:17:58","slug":"golejada-dels-inclusius-7-2","status":"publish","type":"post","link":"http:\/\/fegrama.cat\/web\/golejada-dels-inclusius-7-2\/","title":{"rendered":"Golejada dels Inclusius (7-2)"},"content":{"rendered":"\n<p>Nova vict\u00f2ria del nostre equip Inclusiu aquesta vegada davant el FC Martinenc al Pavell\u00f3 La Bastida amb el resultat final de 7-2.<\/p>\n\n\n\n<p>Abans de comen\u00e7ar el match, tots dos equips van sortir a la pista amb una pancarta en contra del conflicte b\u00e8l\u00b7lic que pateix el poble Ucra\u00efn\u00e8s.<\/p>\n\n\n\n<p>En l&#8217;\u00e0mbit esportiu, sobre la pista nom\u00e9s vam tenir un equip. Xoc pl\u00e0cid de la Grama que en tot moment va estar per sobre al marcador i no va patir per emportar-se els tres punts.<\/p>\n\n\n\n<p>Els colomencs van poder rotar, l&#8217;entrenador Dani Caba\u00f1as va poder donar molts minuts als jugadors menys habituals que tamb\u00e9 van gaudir.<\/p>\n\n\n\n<div class=\"wp-block-image\"><figure class=\"aligncenter size-large\"><img loading=\"lazy\" decoding=\"async\" width=\"1024\" height=\"768\" src=\"https:\/\/fegrama.cat\/web\/wp-content\/uploads\/2022\/03\/no-a-la-guerra-inclusius-1024x768.jpeg\" alt=\"\" class=\"wp-image-30477\" srcset=\"http:\/\/fegrama.cat\/web\/wp-content\/uploads\/2022\/03\/no-a-la-guerra-inclusius-1024x768.jpeg 1024w, http:\/\/fegrama.cat\/web\/wp-content\/uploads\/2022\/03\/no-a-la-guerra-inclusius-300x225.jpeg 300w, http:\/\/fegrama.cat\/web\/wp-content\/uploads\/2022\/03\/no-a-la-guerra-inclusius-768x576.jpeg 768w, http:\/\/fegrama.cat\/web\/wp-content\/uploads\/2022\/03\/no-a-la-guerra-inclusius-1536x1152.jpeg 1536w, http:\/\/fegrama.cat\/web\/wp-content\/uploads\/2022\/03\/no-a-la-guerra-inclusius.jpeg 2048w\" sizes=\"auto, (max-width: 1024px) 100vw, 1024px\" \/><\/figure><\/div>\n\n\n\n<p>Nueva victoria de nuestro equipo Inclusivo esta vez ante el FC Martinenc en el pabell\u00f3n La Bastida con el resultado final de 7-2.<\/p>\n\n\n\n<p>Antes de comenzar el encuentro ambos equipos salieron a la pista con una pancarta en contra del conflicto b\u00e9lico que sufre el pueblo Ucraniano.<\/p>\n\n\n\n<p>En lo deportivo, sobre la pista solamente tuvimos un equipo. Choque pl\u00e1cido de la Grama que en todo momento estuvo por encima en el marcador y no sufri\u00f3 para llevarse los tres puntos. <\/p>\n\n\n\n<p>Los colomenses pudieron rotar, el entrenador Dani Caba\u00f1as pudo dar muchos minutos a los jugadores menos habituales quienes tambi\u00e9n disfrutaron.<\/p>\n","protected":false},"excerpt":{"rendered":"<p>Nova vict\u00f2ria del nostre equip Inclusiu aquesta vegada davant el FC Martinenc al Pavell\u00f3 La Bastida amb el resultat final de 7-2. Abans de comen\u00e7ar el match, tots dos equips van sortir a la pista amb una pancarta en contra del conflicte b\u00e8l\u00b7lic que pateix el poble Ucra\u00efn\u00e8s. En l&#8217;\u00e0mbit esportiu, sobre la pista nom\u00e9s [&hellip;]<\/p>\n","protected":false},"author":1,"featured_media":30477,"comment_status":"closed","ping_status":"closed","sticky":false,"template":"","format":"standard","meta":{"footnotes":""},"categories":[4,1256],"tags":[],"class_list":["post-30476","post","type-post","status-publish","format-standard","has-post-thumbnail","hentry","category-base-inclusiu","category-inclusiu"],"_links":{"self":[{"href":"http:\/\/fegrama.cat\/web\/wp-json\/wp\/v2\/posts\/30476","targetHints":{"allow":["GET"]}}],"collection":[{"href":"http:\/\/fegrama.cat\/web\/wp-json\/wp\/v2\/posts"}],"about":[{"href":"http:\/\/fegrama.cat\/web\/wp-json\/wp\/v2\/types\/post"}],"author":[{"embeddable":true,"href":"http:\/\/fegrama.cat\/web\/wp-json\/wp\/v2\/users\/1"}],"replies":[{"embeddable":true,"href":"http:\/\/fegrama.cat\/web\/wp-json\/wp\/v2\/comments?post=30476"}],"version-history":[{"count":2,"href":"http:\/\/fegrama.cat\/web\/wp-json\/wp\/v2\/posts\/30476\/revisions"}],"predecessor-version":[{"id":30479,"href":"http:\/\/fegrama.cat\/web\/wp-json\/wp\/v2\/posts\/30476\/revisions\/30479"}],"wp:featuredmedia":[{"embeddable":true,"href":"http:\/\/fegrama.cat\/web\/wp-json\/wp\/v2\/media\/30477"}],"wp:attachment":[{"href":"http:\/\/fegrama.cat\/web\/wp-json\/wp\/v2\/media?parent=30476"}],"wp:term":[{"taxonomy":"category","embeddable":true,"href":"http:\/\/fegrama.cat\/web\/wp-json\/wp\/v2\/categories?post=30476"},{"taxonomy":"post_tag","embeddable":true,"href":"http:\/\/fegrama.cat\/web\/wp-json\/wp\/v2\/tags?post=30476"}],"curies":[{"name":"wp","href":"https:\/\/api.w.org\/{rel}","templated":true}]}}