{"id":30473,"date":"2022-03-13T12:58:50","date_gmt":"2022-03-13T11:58:50","guid":{"rendered":"http:\/\/fegrama.cat\/web\/?p=30473"},"modified":"2022-03-13T12:58:51","modified_gmt":"2022-03-13T11:58:51","slug":"al-juvenil-a-se-li-escapen-2-punts-en-els-darrers-minuts-2-2","status":"publish","type":"post","link":"http:\/\/fegrama.cat\/web\/al-juvenil-a-se-li-escapen-2-punts-en-els-darrers-minuts-2-2\/","title":{"rendered":"Al Juvenil A se li escapen 2 punts en els darrers minuts (2-2)"},"content":{"rendered":"\n<p>Al Juvenil A colomenc se li escapen 2 punts en els darrers minuts davant la UFB Jabac i Terrassa (2-2). En un partit que va tenir una part per a cada equip i on els dos gols locals van venir precedits d&#8217;accions dubtoses, l&#8217;1-1 de Jabac en un successi\u00f3 de 2 c\u00f3rners on el primer nom\u00e9s l&#8217;\u00e0rbitre assistent haver sentit un so pel pinganillo i era clar servei de porta, i el 2-2 en un fora de joc que en la retransmissi\u00f3 de la FCF.tv tamb\u00e9 s&#8217;aprecia offside.<\/p>\n\n\n\n<p>El matx comen\u00e7ava amb uns primers minuts de tempteig, on el Jabac a pilota aturada sotmetia els blaus i la Fundaci\u00f3 en transicions s&#8217;aproximava a la porteria de Joan Canet. A poc a poc els de Manu Pel\u00e1ez aconseguien el domini del partit, i comen\u00e7aven a succeir-se les ocasions dels de Santa Coloma.<\/p>\n\n\n\n<p>Primer Bafode molt incisiu armava un xut que enviava el porter a c\u00f3rner, despr\u00e9s era Iker Merino qui amb un xut t\u00edmid ho intentava i minuts despr\u00e9s i despr\u00e9s d&#8217;una jugada on els visitants mouen l&#8217;esf\u00e8ric amb paci\u00e8ncia en passada de Mario \u00e9s rematat pel pitxitxi Oliver al fons de la xarxa. 0-1 i seguia el domini colomenc.<\/p>\n\n\n\n<p>Al minut 28 i despr\u00e9s d&#8217;un c\u00f3rner que nom\u00e9s el col\u00b7legiat va veure, el conjunt de Terrassa serveix el c\u00f3rner que torna a anar a c\u00f3rner i al segon llan\u00e7ament el central Baudet posa les taules al marcador. Reaccionen r\u00e0pid els de Manu Pel\u00e1ez i un xut des de la frontal d&#8217;Hernando ho torna a parar el porter visitant. S&#8217;estiraven els de Santa Coloma buscant el segon gol i al minut 39, i despr\u00e9s d&#8217;una gran jugada individual, Bafode fei l&#8217;1-2 amb qu\u00e8 s&#8217;arribava al descans.<\/p>\n\n\n\n<p>A la segona meitat un Jabac m\u00e9s incisiu sortia a la recerca de l&#8217;empat i encara que la primera ocasi\u00f3 era a les botes d&#8217;Oliver per fer l&#8217;1-3 i de nou cap a una bona intervenci\u00f3 Joan Canet, el Jabac sense posar en perill excessiu la porteria de Pau, si que es mostrava m\u00e9s ambici\u00f3s i jugava m\u00e9s al camp de la Grama.<\/p>\n\n\n\n<p>Fruit d&#8217;aquesta empenta local, al minut 80 de nou en un c\u00f3rner, aquesta vegada en curt, el centre de Kilian el remata Carlos Garc\u00eda en posici\u00f3 antireglament\u00e0ria per\u00f2 el 2-2 pujava el marcador. \u00daltims minuts de pilotes a l&#8217;\u00e0rea de Pablo per part del Jabac que aprofitava l&#8217;onada positiva de l&#8217;empat per buscar la vict\u00f2ria.<\/p>\n\n\n\n<p>Finalment taules al marcador i un punt m\u00e9s al caseller del nostre Juvenil A en un camp complicat per a ells per les seves dimensions.<\/p>\n\n\n\n<div class=\"wp-block-image\"><figure class=\"aligncenter size-large\"><img loading=\"lazy\" decoding=\"async\" width=\"1024\" height=\"831\" src=\"http:\/\/fegrama.cat\/web\/wp-content\/uploads\/2021\/10\/Screenshot_20211018-1141052-1024x831.png\" alt=\"\" class=\"wp-image-29582\" srcset=\"http:\/\/fegrama.cat\/web\/wp-content\/uploads\/2021\/10\/Screenshot_20211018-1141052-1024x831.png 1024w, http:\/\/fegrama.cat\/web\/wp-content\/uploads\/2021\/10\/Screenshot_20211018-1141052-300x243.png 300w, http:\/\/fegrama.cat\/web\/wp-content\/uploads\/2021\/10\/Screenshot_20211018-1141052-768x623.png 768w, http:\/\/fegrama.cat\/web\/wp-content\/uploads\/2021\/10\/Screenshot_20211018-1141052.png 1080w\" sizes=\"auto, (max-width: 1024px) 100vw, 1024px\" \/><\/figure><\/div>\n\n\n\n<p>Al Juvenil A colomense se le escapan 2 puntos en los \u00faltimos minutos ante la UFB Jabac i Terrassa (2-2). En un partido que tuvo una parte para cada equipo y donde los dos goles locales vinieron precedidos de acciones dudosas, el 1-1 de Jabac en un sucesi\u00f3n de 2 saques de esquina donde el primero solo el \u00e1rbitro asistente haber o\u00eddo un sonido por el pinganillo y era claro saque de puerta, y el 2-2 en un fuera de juego que en la retransmisi\u00f3n de la FCF.tv se aprecia tambi\u00e9n offside.<\/p>\n\n\n\n<p>El encuentro empezaba con unos primeros minutos de tanteo, donde el Jabac a bal\u00f3n parado somet\u00eda a los azules y la Fundaci\u00f3 en transiciones se aproximaba a la porter\u00eda de Joan Canet. Poco a poco los de Manu Pel\u00e1ez se hac\u00edan con el dominio del partido , y empezaban a sucederse las ocasiones de los de Santa Coloma.<\/p>\n\n\n\n<p>Primero Bafode muy incisivo armaba un chut que enviaba el portero a c\u00f3rner, despu\u00e9s era Iker Merino quien con un chut t\u00edmido lo intentaba y minutos despu\u00e9s y tras una jugada donde los visitantes mueven el esf\u00e9rico con paciencia n pase de Mario es rematado por el pichichi Oliver al fondo de la red. 0-1 y segu\u00eda el dominio colomense. <\/p>\n\n\n\n<p>En el minuto 28 y tras un c\u00f3rner que solo el colegiado vio, el conjunto de Terrassa sirve el c\u00f3rner que vuelve a ir a c\u00f3rner y en el segundo lanzamiento el central Baudet pone las tablas en el marcador. Reaccionan r\u00e1pido los de Manu Pel\u00e1ez y un chut desde la frontal de Hernando lo para de nuevo el portero visitante. Se estiraban los de Santa Coloma buscando el segundo gol y en el minuto 39, y tras una gran jugada individual, Bafode hacia el 1-2 con el que se llegaba al descanso.<\/p>\n\n\n\n<p>En la segunda mitad un Jabac m\u00e1s incisivo sal\u00eda en busca del empate y aunque la primera ocasi\u00f3n era en la botas de Oliver para hacer el 1-3 y de nuevo hacia una buena intervenci\u00f3n Joan Canet, el Jabac sin poner en excesivo peligro la porter\u00eda de Pablo, si que se mostraba m\u00e1s ambicioso y jugaba m\u00e1s en campo de la Grama. <\/p>\n\n\n\n<p>Fruto de ese empuje local, en el minuto 80 de nuevo en un saque de esquina, esta vez en corto, la centrada de Kilian la remata Carlos Garc\u00eda en posici\u00f3n antirreglamentaria pero el 2-2 sub\u00eda el marcador. \u00daltimos minutos de balones al \u00e1rea de Pablo por parte del Jabac que aprovechaba la oleada positiva del empate para buscar la victoria. <\/p>\n\n\n\n<p>Finalmente tablas en el marcador y un punto m\u00e1s en el casillero de nuestro Juvenil A en un campo complicado para ellos por sus dimensiones.<\/p>\n","protected":false},"excerpt":{"rendered":"<p>Al Juvenil A colomenc se li escapen 2 punts en els darrers minuts davant la UFB Jabac i Terrassa (2-2). En un partit que va tenir una part per a cada equip i on els dos gols locals van venir precedits d&#8217;accions dubtoses, l&#8217;1-1 de Jabac en un successi\u00f3 de 2 c\u00f3rners on el primer [&hellip;]<\/p>\n","protected":false},"author":1,"featured_media":29582,"comment_status":"closed","ping_status":"closed","sticky":false,"template":"","format":"standard","meta":{"footnotes":""},"categories":[4,6],"tags":[],"class_list":["post-30473","post","type-post","status-publish","format-standard","has-post-thumbnail","hentry","category-base-inclusiu","category-juvenils"],"_links":{"self":[{"href":"http:\/\/fegrama.cat\/web\/wp-json\/wp\/v2\/posts\/30473","targetHints":{"allow":["GET"]}}],"collection":[{"href":"http:\/\/fegrama.cat\/web\/wp-json\/wp\/v2\/posts"}],"about":[{"href":"http:\/\/fegrama.cat\/web\/wp-json\/wp\/v2\/types\/post"}],"author":[{"embeddable":true,"href":"http:\/\/fegrama.cat\/web\/wp-json\/wp\/v2\/users\/1"}],"replies":[{"embeddable":true,"href":"http:\/\/fegrama.cat\/web\/wp-json\/wp\/v2\/comments?post=30473"}],"version-history":[{"count":2,"href":"http:\/\/fegrama.cat\/web\/wp-json\/wp\/v2\/posts\/30473\/revisions"}],"predecessor-version":[{"id":30475,"href":"http:\/\/fegrama.cat\/web\/wp-json\/wp\/v2\/posts\/30473\/revisions\/30475"}],"wp:featuredmedia":[{"embeddable":true,"href":"http:\/\/fegrama.cat\/web\/wp-json\/wp\/v2\/media\/29582"}],"wp:attachment":[{"href":"http:\/\/fegrama.cat\/web\/wp-json\/wp\/v2\/media?parent=30473"}],"wp:term":[{"taxonomy":"category","embeddable":true,"href":"http:\/\/fegrama.cat\/web\/wp-json\/wp\/v2\/categories?post=30473"},{"taxonomy":"post_tag","embeddable":true,"href":"http:\/\/fegrama.cat\/web\/wp-json\/wp\/v2\/tags?post=30473"}],"curies":[{"name":"wp","href":"https:\/\/api.w.org\/{rel}","templated":true}]}}