{"id":30468,"date":"2022-03-08T22:31:30","date_gmt":"2022-03-08T21:31:30","guid":{"rendered":"http:\/\/fegrama.cat\/web\/?p=30468"},"modified":"2022-03-08T22:31:30","modified_gmt":"2022-03-08T21:31:30","slug":"comunicat-oficial","status":"publish","type":"post","link":"http:\/\/fegrama.cat\/web\/comunicat-oficial\/","title":{"rendered":"COMUNICAT OFICIAL"},"content":{"rendered":"\n<p><strong><u>COMUNICADO OFICIAL\u00a0 DE LA FUNDACI\u00d3 ESPORTIVA GRAMA EN RELACI\u00d3N CON LA PETICI\u00d3N REALIZADA POR LA SRA. OLGA GARC\u00cdA ILDEFONSO, EN REPRESENTACI\u00d3N DE SU HIJO A.J.G., JUGADOR DE UNO DE LOS EQUIPOS DE NUESTRAS CATEGOR\u00cdAS INFERIORES<\/u><\/strong><\/p>\n\n\n\n<p>En fecha 26\/12\/2021, la representante legal del jugador A.J.G. present\u00f3, ante la Comissi\u00f3 de Mediaci\u00f3 i Arbitratge de la Federaci\u00f3 Catalana de F\u00fatbol (FCF), solicitud de la cancelaci\u00f3n de la licencia federativa de su hijo, que tiene vigente hasta el 30\/06\/2023, solicitud fundamentada inicial y b\u00e1sicamente, en que ten\u00eda varias ofertas antes de iniciarse la temporada para jugar en categor\u00eda superior, que se qued\u00f3 en la Grama por el proyecto que le ofreci\u00f3 su entrenador anterior, el Sr. Brian Espinola, que dicho proyecto se rompi\u00f3 seg\u00fan se manifiesta en la denuncia, al marchar&nbsp; voluntariamente dicho entrenador de la Grama por diferencias con el coordinador del f\u00fatbol 11, que a su vez es el responsable inmediato superior de los once entrenadores, incluido el Sr. Espinola, de todos los equipos de F11 federados.<\/p>\n\n\n\n<p>Tanto el&nbsp; presidente de la entidad, como el &nbsp;Vicepresidente del \u00c1rea Deportiva y el Coordinador General del F\u00fatbol Base intentaron retenerlo y fueron sorprendidos por esa decisi\u00f3n unilateral,&nbsp; no comprendida en aquel momento, ya que a pesar de que los resultados del equipo no eran los esperados al principio de temporada, depositaron toda su &nbsp;confianza en el Sr. Espinola, de que a lo largo de la misma, se adaptar\u00eda el equipo y mejorar\u00edan los resultados, no entendiendo, que un entrenador que ha realizado funciones de coordinaci\u00f3n y entrenador durante unos seis a\u00f1os en la entidad, tuviera la urgencia de marchar, sin darnos un plazo m\u00ednimo para poder sustituirlo con tranquilidad, con todo el apoyo de la entidad por diferencias con su coordinador. Ante esta situaci\u00f3n, no se pod\u00edan aceptar bajo ning\u00fan concepto las exigencias, verbalizadas por el Sr. Espinola, de que ces\u00e1ramos al coordinador o se marchar\u00eda \u00e9l, ya que tenemos plena confianza en el trabajo que viene desarrollando nuestro coordinador, el Sr. N\u00e9stor Garc\u00eda Ferrer.<\/p>\n\n\n\n<p>Otro de los argumentos para no acceder a la petici\u00f3n de la reclamante es la de que cuando un jugador tramita la licencia en un equipo de la entidad, lo hace con \u00e9sta y en las condiciones requeridas por la entidad&nbsp; reglamentadas por la FCF, pero en ning\u00fan caso, por la confianza o proyecto de un entrenador, pues el \u00fanico proyecto v\u00e1lido, es el proyecto Grama que parte de la temporada 2013\/2014, y dentro del mismo, se han de respetar las directrices, objetivos&nbsp; y protocolos fijados por la Junta Directiva, con su presidente a la cabeza, a trav\u00e9s del organigrama aprobado para cada temporada.<\/p>\n\n\n\n<p>Durante el procedimiento de conciliaci\u00f3n seguido ante la citada comisi\u00f3n de la FCF, se produjo la sustituci\u00f3n del entrenador, que caus\u00f3 baja voluntaria y fue sustituido por el Sr. Marcos Pascual, entrenador procedente de la cantera de entrenadores de la Grama, que ha tenido un comportamiento exquisito en manejar la situaci\u00f3n planteada fundamentalmente por la representante del jugador de nuestras categor\u00edas inferiores, que junto a otro jugador del mismo equipo tambi\u00e9n pretend\u00eda causar baja unilateralmente y sin proceder por los cauces reglamentarios.<\/p>\n\n\n\n<p>Durante todo el procedimiento tanto de conciliaci\u00f3n como ante la denuncia ante el Comit\u00e9 Jurisdiccional de la FCF, el entrenador actual, Sr. Marcos Pascual, ha tenido un comportamiento leal a su entidad, sin menoscabar por ello su apoyo profesional a ambos jugadores, que durante todo el tiempo han seguido entrenando y jugando de titulares como lo ven\u00edan haciendo antes las denuncias.<\/p>\n\n\n\n<p>Ha conseguido en poco tiempo cohesionar al equipo mejorando sustancialmente los resultados que ten\u00eda&nbsp; el equipo con el anterior entrenador, confirmada con la 6\u00aa posici\u00f3n en la clasificaci\u00f3n, encajando solamente 2 derrotas, y lo m\u00e1s importante, la implicaci\u00f3n y fusi\u00f3n absoluta de todo el cuerpo t\u00e9cnico y todos los jugadores del equipo, sin exclusi\u00f3n alguna, con la idea de hacer una gran temporada a pesar de ser nuevos en la categor\u00eda y haber vivido el cambio traum\u00e1tica de entrenador, que por los resultados reales exhibidos y por lo que la propia reclamante ha dicho del actual entrenador de su pu\u00f1o y letra, el comportamiento en relaci\u00f3n a su hijo A., ha sido en todo momento y con el resto del equipo impecable, ya que adem\u00e1s de mantenerle la titularidad, ha seguido ostentando la capitan\u00eda del equipo y han celebrado efusivamente los \u00faltimos triunfos que han conseguido, como se ha podido ver en las redes sociales las fotos que se adjuntan en la que forman una pi\u00f1a, que acredita que hemos acertado en la sustituci\u00f3n realizada y que todos los jugadores pueden crecer sin necesidad, de cambiar de equipo, pues alguno como A., compagina el d\u00eda a d\u00eda con su equipo, con entrenamientos y estancias con categor\u00edas superiores a la suya, lo que significa que se le presta una atenci\u00f3n individualizada, adecuada a sus innegables dotes futbol\u00edsticas.<\/p>\n\n\n\n<p>Ante el archivo del expediente de mediaci\u00f3n, la Sra. Olga Garc\u00eda Ildefonso inst\u00f3 un nuevo expediente de reclamaci\u00f3n ante el comit\u00e9 Jurisdiccional de la FCF, m\u00e1s o menos con los mismos argumentos y a\u00f1adiendo un par de nuevas pruebas, a las que en tiempo y forma nos opusimos.<\/p>\n\n\n\n<p>Debemos a\u00f1adir que, con pocas semanas de margen, fue desestimada en los mismos t\u00e9rminos la reclamaci\u00f3n del otro jugador del mismo equipo, seg\u00fan notificaci\u00f3n de la Resoluci\u00f3n de fecha 25\/01\/2022.<\/p>\n\n\n\n<p>Han sido m\u00e1s de dos meses lo que ha durado el conflicto formal y dir\u00edamos que tres meses desde que empezaron los contactos verbales exigiendo la anulaci\u00f3n de las dos licencias ampliamente comentadas, y ya desde un principio se les dijo por los responsables deportivos que a este nivel de categor\u00eda, el inter\u00e9s deportivo de la entidad por ambos jugadores, supon\u00eda la imposibilidad de acceder a dicha petici\u00f3n.<\/p>\n\n\n\n<p>A partir de ah\u00ed, la representante legal y madre del jugador inici\u00f3 una campa\u00f1a contra la entidad en las redes sociales, ante distintos medios de comunicaci\u00f3n y ante todo tipo de entidades y&nbsp; personalidades, presentando el caso como si fuera la primera vez que una entidad deportiva comet\u00eda un atropello normativo con su hijo, alegando pruebas ficticias o de conveniencia no ajustadas&nbsp; a la realidad, que solo con &nbsp;comentar con alg\u00fan representante del Comit\u00e9 Jurisdiccional, les dir\u00e1 que s\u00f3lo a nivel de Catalunya, suele haber innumerables peticiones como esta, que se resuelven a favor de los jugadores si les asiste el derecho por incumplimiento del equipo, o favorecen a la entidad si las pretensiones carecen de pruebas que avalen los hechos y de&nbsp; fundamentos jur\u00eddicos alegados, desestimando ambas peticiones y dando la raz\u00f3n a la Grama.<\/p>\n\n\n\n<p>La legal representante del jugador ni siquiera ha apelado la resoluci\u00f3n desestimatoria de su reclamaci\u00f3n ante el Comit\u00e9 de Apelaci\u00f3n de la FCF, a pesar de que ten\u00eda un plazo de tres d\u00edas h\u00e1biles para interponer dicho recurso.<\/p>\n\n\n\n<p>Por ello, una vez confirmadas ambas resoluciones que han sido favorables a la Fundaci\u00f3 Esportiva Grama, por parte del Comit\u00e9 de Jurisdicci\u00f3n de la Federaci\u00f3n Catalana de F\u00fatbol, publicaremos este anuncio en las redes sociales, medios, entidades y personalidades donde hemos tenido conocimiento de haber sido agraviados injustamente y limpiar el buen nombre de nuestra entidad, que no ha transgredido ninguna norma reglamentaria aprobada por los \u00f3rganos de la FCF por las que nos regimos las entidades deportivas de f\u00fatbol aficionado.<\/p>\n\n\n\n<p>Dicho esto, a lo que nos obliga nuestro deber de preservar el buen nombre de la FEG, nuestra intenci\u00f3n es dar por zanjado el asunto, y nos alegramos de seguir contando con el jugador, con su hermano menor, que viste tambi\u00e9n nuestra el\u00e1stica, y con sus familiares, dentro de nuestro proyecto deportivo.&nbsp;&nbsp;<\/p>\n\n\n\n<p><strong>LA JUNTA DIRECTIVA<\/strong><\/p>\n\n\n\n<p><strong>En Santa Coloma de Gramenet, a 8 de marzo de 2022<\/strong><\/p>\n\n\n\n<div class=\"wp-block-image\"><figure class=\"aligncenter size-large\"><img loading=\"lazy\" decoding=\"async\" width=\"1024\" height=\"373\" src=\"http:\/\/fegrama.cat\/web\/wp-content\/uploads\/2017\/05\/COFICIAL-1024x373.jpg\" alt=\"\" class=\"wp-image-20975\" srcset=\"http:\/\/fegrama.cat\/web\/wp-content\/uploads\/2017\/05\/COFICIAL-1024x373.jpg 1024w, http:\/\/fegrama.cat\/web\/wp-content\/uploads\/2017\/05\/COFICIAL-300x109.jpg 300w, http:\/\/fegrama.cat\/web\/wp-content\/uploads\/2017\/05\/COFICIAL.jpg 1586w\" sizes=\"auto, (max-width: 1024px) 100vw, 1024px\" \/><\/figure><\/div>\n\n\n\n<p><strong><span style=\"text-decoration: underline;\">COMUNICAT OFICIAL DE LA FUNDACI\u00d3 ESPORTIVA GRAMA EN RELACI\u00d3 AMB LA PETICI\u00d3 REALITZADA PER LA SRA. OLGA GARC\u00cdA ILDEFONSO, EN REPRESENTACI\u00d3 DEL SEU FILL A.J.G., JUGADOR D&#8217;UN DELS EQUIPS DE LES NOSTRES CATEGORIES INFERIORS<\/span><\/strong><\/p>\n\n\n\n<p>En data 26\/12\/2021, la representant legal del jugador A.J.G. va presentar, davant la Comissi\u00f3 de Mediaci\u00f3 i Arbitratge de la Federaci\u00f3 Catalana de Futbol (FCF), sol\u00b7licitud de la cancel\u00b7laci\u00f3 de la llic\u00e8ncia federativa del seu fill, que t\u00e9 vigent fins al 30\/06\/2023, sol\u00b7licitud fonamentada inicialment i b\u00e0sicament, en qu\u00e8 tenia diverses ofertes abans d&#8217;iniciar-se la temporada per jugar en categoria superior, que es va quedar a la Grama pel projecte que li va oferir el seu entrenador anterior, el Sr. Brian Espinola, que aquest projecte es va trencar segons es manifesta a la den\u00fancia, en marxar volunt\u00e0riament aquest entrenador de la Grama per difer\u00e8ncies amb el coordinador del futbol 11, que alhora \u00e9s el responsable immediat superior dels onze entrenadors, incl\u00f2s el Sr. Espinola, de tots els equips de F11 federats.<\/p>\n\n\n\n<p>Tant el president de l&#8217;entitat, com el Vicepresident de l&#8217;\u00c0rea Esportiva i el Coordinador General del Futbol Base van intentar retenir-lo i van ser sorpresos per aquesta decisi\u00f3 unilateral, no compresa en aquell moment, ja que malgrat que els resultats de l&#8217;equip no eren els esperats al principi de temporada, van dipositar tota la seva confian\u00e7a al Sr. Espinola, que al llarg de la mateixa, s&#8217;adaptaria l&#8217;equip i millorarien els resultats, no entenent, que un entrenador que ha realitzat funcions de coordinaci\u00f3 i entrenador durant uns sis anys a l&#8217;entitat, tingu\u00e9s la urg\u00e8ncia de marxar, sense donar-nos un termini m\u00ednim per poder substituir-lo amb tranquil\u00b7litat, amb tot el suport de l&#8217;entitat per difer\u00e8ncies amb el coordinador. Davant d&#8217;aquesta situaci\u00f3, no es podien acceptar sota cap concepte les exig\u00e8ncies, verbalitzades pel Sr. Espinola, que cess\u00e9ssim al coordinador o se n&#8217;aniria, ja que tenim plena confian\u00e7a en la feina que desenvolupa el nostre coordinador, el Sr. N\u00e9stor Garc\u00eda Ferrer.<\/p>\n\n\n\n<p>Un altre dels arguments per no accedir a la petici\u00f3 de la reclamant \u00e9s que quan un jugador tramita la llic\u00e8ncia en un equip de l&#8217;entitat, ho fa amb aquesta i en les condicions requerides per l&#8217;entitat reglamentades per la FCF, per\u00f2 en cap cas, per la confian\u00e7a o projecte d&#8217;un entrenador, doncs l&#8217;\u00fanic projecte v\u00e0lid, \u00e9s el projecte Grama que parteix de la temporada 2013\/2014, i dins del mateix, s&#8217;han de respectar les directrius, objectius i protocols fixats per la Junta Directiva , amb el seu president al capdavant, a trav\u00e9s de l&#8217;organigrama aprovat per a cada temporada.<br>Durant el procediment de conciliaci\u00f3 seguit davant l&#8217;esmentada comissi\u00f3 de la FCF, es va produir la substituci\u00f3 de l&#8217;entrenador, que va causar baixa volunt\u00e0ria i va ser substitu\u00eft pel Sr. Marcos Pascual, entrenador procedent del planter d&#8217;entrenadors de la Grama, que ha tingut un comportament exquisit a manejar la situaci\u00f3 plantejada fonamentalment per la representant del jugador de les nostres categories inferiors, que juntament amb un altre jugador del mateix equip tamb\u00e9 pretenia causar baixa unilateralment i sense procedir per les vies reglament\u00e0ries.<br>Durant tot el procediment tant de conciliaci\u00f3 com davant de la den\u00fancia davant el Comit\u00e8 Jurisdiccional de l&#8217;FCF, l&#8217;entrenador actual, Sr. Marcos Pascual, ha tingut un comportament lleial a la seva entitat, sense menyscabar per aix\u00f2 el seu suport professional a tots dos jugadors, que durant tot el temps han continuat entrenant i jugant de titulars com ho feien abans les den\u00fancies.<\/p>\n\n\n\n<p>Ha aconseguit en poc temps cohesionar l&#8217;equip millorant substancialment els resultats que tenia l&#8217;equip amb l&#8217;anterior entrenador, confirmada amb la 6\u00aa posici\u00f3 a la classificaci\u00f3, encaixant nom\u00e9s 2 derrotes, i el m\u00e9s important, la implicaci\u00f3 i fusi\u00f3 absoluta de tot el cos t\u00e8cnic i tots els jugadors de l&#8217;equip, sense cap exclusi\u00f3, amb la idea de fer una gran temporada tot i ser nous en la categoria i haver viscut el canvi traum\u00e0tica d&#8217;entrenador, que pels resultats reals exhibits i pel que la mateixa reclamant ha dit de l&#8217;actual entrenador del seu puny i lletra, el comportament en relaci\u00f3 amb el seu fill A., ha estat en tot moment i amb la resta de l&#8217;equip impecable, ja que a m\u00e9s de mantenir-li la titularitat, ha continuat posant la capitania de l&#8217;equip i han celebrat efusivament els \u00faltims triomfs que han aconseguit, com s&#8217;ha pogut veure a les xarxes socials les fotos que s&#8217;adjunten a la que formen una pinya, que acredita que hem ac ert en la substituci\u00f3 realitzada i que tots els jugadors poden cr\u00e9ixer sense necessitat, de canviar d&#8217;equip, ja que algun com A. compagina el dia a dia amb el seu equip, amb entrenaments i estades amb categories superiors a la seva, cosa que significa que se li presta una atenci\u00f3 individualitzada, adequada als seus innegables dots futbol\u00edstics.<\/p>\n\n\n\n<p>Davant l&#8217;arxiu de l&#8217;expedient de mediaci\u00f3, la Sra. Olga Garc\u00eda Ildefonso va instar un nou expedient de reclamaci\u00f3 davant del comit\u00e8 Jurisdiccional de la FCF, m\u00e9s o menys amb els mateixos arguments i afegint un parell de noves proves, a les quals en temps i forma ens vam oposar.<br>Hem d&#8217;afegir que, amb poques setmanes de marge, va ser desestimada en els mateixos termes la reclamaci\u00f3 de l&#8217;altre jugador del mateix equip, segons la notificaci\u00f3 de la Resoluci\u00f3 de data 25\/01\/2022.<br>Han estat m\u00e9s de dos mesos el que ha durat el conflicte formal i dir\u00edem que tres mesos des que van comen\u00e7ar els contactes verbals exigint l&#8217;anul\u00b7laci\u00f3 de les dues llic\u00e8ncies \u00e0mpliament comentades, i ja des del principi se&#8217;ls va dir pels responsables esportius que a aquest nivell de categoria, l&#8217;inter\u00e8s esportiu de l&#8217;entitat pels dos jugadors suposava la impossibilitat d&#8217;accedir a aquesta petici\u00f3.<\/p>\n\n\n\n<p>A partir d&#8217;aqu\u00ed, la representant legal i mare del jugador va iniciar una campanya contra l&#8217;entitat a les xarxes socials, davant de diferents mitjans de comunicaci\u00f3 i davant de tot tipus d&#8217;entitats i personalitats, presentant el cas com si fos la primera vegada que una entitat esportiva cometia un atropellament normatiu amb el seu fill, al\u00b7legant proves fict\u00edcies o de conveni\u00e8ncia no ajustades a la realitat, que nom\u00e9s comentant amb algun representant del Comit\u00e8 Jurisdiccional, els dir\u00e0 que nom\u00e9s a nivell de Catalunya, sol haver-hi innombrables peticions com aquesta, que es resolen a favor dels jugadors si els assisteix el dret per incompliment de l&#8217;equip, o afavoreixen l&#8217;entitat si les pretensions no tenen proves que avalin els fets i de fonaments jur\u00eddics al\u00b7legats, desestimant ambdues peticions i donant la ra\u00f3 a la Grama.<\/p>\n\n\n\n<p>La representant legal del jugador ni tan sols ha apel\u00b7lat la resoluci\u00f3 desestimat\u00f2ria de la seva reclamaci\u00f3 davant el Comit\u00e8 d&#8217;Apel\u00b7laci\u00f3 de la FCF, malgrat que tenia un termini de tres dies h\u00e0bils per interposar aquest recurs.<\/p>\n\n\n\n<p>Per aix\u00f2, una vegada confirmades ambdues resolucions que han estat favorables a la Fundaci\u00f3 Esportiva Grama, per part del Comit\u00e8 de Jurisdicci\u00f3 de la Federaci\u00f3 Catalana de Futbol, \u200b\u200bpublicarem aquest anunci a les xarxes socials, mitjans, entitats i personalitats on hem tingut coneixement d&#8217;haver-hi estat agreujats injustament i netejar el bon nom de la nostra entitat, que no ha transgredit cap norma reglament\u00e0ria aprovada pels \u00f2rgans de la FCF per les que ens regim les entitats esportives de futbol aficionat.<\/p>\n\n\n\n<p>Dit aix\u00f2, a all\u00f2 que ens obliga el nostre deure de preservar el bon nom de la FEG, la nostra intenci\u00f3 \u00e9s donar per tancat l&#8217;assumpte, i ens alegrem de continuar comptant amb el jugador, amb el seu germ\u00e0 menor, que vesteix tamb\u00e9 la nostra el\u00e0stica, i amb els seus familiars, dins del nostre projecte esportiu.<\/p>\n\n\n\n<p><strong>LA JUNTA DIRECTIVA<br>A Santa Coloma de Gramenet, 8 de mar\u00e7 de 2022<\/strong><\/p>\n","protected":false},"excerpt":{"rendered":"<p>COMUNICADO OFICIAL\u00a0 DE LA FUNDACI\u00d3 ESPORTIVA GRAMA EN RELACI\u00d3N CON LA PETICI\u00d3N REALIZADA POR LA SRA. OLGA GARC\u00cdA ILDEFONSO, EN REPRESENTACI\u00d3N DE SU HIJO A.J.G., JUGADOR DE UNO DE LOS EQUIPOS DE NUESTRAS CATEGOR\u00cdAS INFERIORES En fecha 26\/12\/2021, la representante legal del jugador A.J.G. present\u00f3, ante la Comissi\u00f3 de Mediaci\u00f3 i Arbitratge de la Federaci\u00f3 [&hellip;]<\/p>\n","protected":false},"author":1,"featured_media":26938,"comment_status":"closed","ping_status":"closed","sticky":false,"template":"","format":"standard","meta":{"footnotes":""},"categories":[14,15],"tags":[],"class_list":["post-30468","post","type-post","status-publish","format-standard","has-post-thumbnail","hentry","category-noticies","category-noticies-destacades"],"_links":{"self":[{"href":"http:\/\/fegrama.cat\/web\/wp-json\/wp\/v2\/posts\/30468","targetHints":{"allow":["GET"]}}],"collection":[{"href":"http:\/\/fegrama.cat\/web\/wp-json\/wp\/v2\/posts"}],"about":[{"href":"http:\/\/fegrama.cat\/web\/wp-json\/wp\/v2\/types\/post"}],"author":[{"embeddable":true,"href":"http:\/\/fegrama.cat\/web\/wp-json\/wp\/v2\/users\/1"}],"replies":[{"embeddable":true,"href":"http:\/\/fegrama.cat\/web\/wp-json\/wp\/v2\/comments?post=30468"}],"version-history":[{"count":1,"href":"http:\/\/fegrama.cat\/web\/wp-json\/wp\/v2\/posts\/30468\/revisions"}],"predecessor-version":[{"id":30469,"href":"http:\/\/fegrama.cat\/web\/wp-json\/wp\/v2\/posts\/30468\/revisions\/30469"}],"wp:featuredmedia":[{"embeddable":true,"href":"http:\/\/fegrama.cat\/web\/wp-json\/wp\/v2\/media\/26938"}],"wp:attachment":[{"href":"http:\/\/fegrama.cat\/web\/wp-json\/wp\/v2\/media?parent=30468"}],"wp:term":[{"taxonomy":"category","embeddable":true,"href":"http:\/\/fegrama.cat\/web\/wp-json\/wp\/v2\/categories?post=30468"},{"taxonomy":"post_tag","embeddable":true,"href":"http:\/\/fegrama.cat\/web\/wp-json\/wp\/v2\/tags?post=30468"}],"curies":[{"name":"wp","href":"https:\/\/api.w.org\/{rel}","templated":true}]}}