{"id":30465,"date":"2022-03-08T14:39:05","date_gmt":"2022-03-08T13:39:05","guid":{"rendered":"http:\/\/fegrama.cat\/web\/?p=30465"},"modified":"2022-03-08T14:39:06","modified_gmt":"2022-03-08T13:39:06","slug":"cronica-del-cadet-a-2","status":"publish","type":"post","link":"http:\/\/fegrama.cat\/web\/cronica-del-cadet-a-2\/","title":{"rendered":"Cr\u00f2nica del Cadet \u00abA\u00bb."},"content":{"rendered":"\n<p><strong>Damm 3 &#8211; Cadet \u201cA\u201d 2<\/strong><\/p>\n\n\n\n<p>El partit del Cadet \u00abA\u00bb va tenir parts bones i altres, no tan bones. Els contraris esperaven replegats per a intentar sortir en contra i \u00abfer mal\u00bb, per\u00f2 el que no van poder fer en la primera part \u00e9s marcar gol. Els de la\u00a0Grama\u00a0van ser els qui es van posar per davant en el marcador de cara al descans.<br>Arribada la segona part el paper denominador canvia i comencen a apar\u00e8ixer \u00abanades i voltes\u00bb per part de la\u00a0Damm. Els nostres es van posar nerviosos i no van saber defensar molt b\u00e9 en bandes.<br>Finalment surt l&#8217;1 a 1 i despr\u00e9s el 2 a 1 en una acci\u00f3 una mica estranya on hi ha rebots en l&#8217;\u00e0rea. El 2 a 2 es va ficar en una sortida en diagonal de la\u00a0Grama, semblava que anava a arribar el tercer dels blaus, per\u00f2 en una contra s\u00f3n els de la\u00a0Damm\u00a0els qui marquen el 3 a 0.<\/p>\n\n\n\n<figure class=\"wp-block-image size-large\"><img loading=\"lazy\" decoding=\"async\" width=\"1024\" height=\"683\" src=\"http:\/\/fegrama.cat\/web\/wp-content\/uploads\/2022\/03\/WhatsApp-Image-2022-03-08-at-2.15.47-PM-1024x683.jpeg\" alt=\"\" class=\"wp-image-30466\" srcset=\"http:\/\/fegrama.cat\/web\/wp-content\/uploads\/2022\/03\/WhatsApp-Image-2022-03-08-at-2.15.47-PM-1024x683.jpeg 1024w, http:\/\/fegrama.cat\/web\/wp-content\/uploads\/2022\/03\/WhatsApp-Image-2022-03-08-at-2.15.47-PM-300x200.jpeg 300w, http:\/\/fegrama.cat\/web\/wp-content\/uploads\/2022\/03\/WhatsApp-Image-2022-03-08-at-2.15.47-PM-768x512.jpeg 768w, http:\/\/fegrama.cat\/web\/wp-content\/uploads\/2022\/03\/WhatsApp-Image-2022-03-08-at-2.15.47-PM.jpeg 1296w\" sizes=\"auto, (max-width: 1024px) 100vw, 1024px\" \/><\/figure>\n\n\n\n<hr class=\"wp-block-separator\"\/>\n\n\n\n<p><\/p>\n\n\n\n<p><strong>Damm 3 &#8211; Cadet \u201cA\u201d 2<\/strong><\/p>\n\n\n\n<p>El partido del Cadete \u00abA\u00bb tuvo partes buenas y otras, no tan buenas. Los contrarios esperaban replegados para intentar salir en contra y \u00abhacer da\u00f1o\u00bb, pero lo que no pudieron hacer en la primera parte es marcar gol. Los de la Grama fueron quienes se pusieron por delante en el marcador de cara al descanso.<br>Llegada la segunda parte el papel denominador cambia y empiezan a aparecer \u00abidas y vueltas\u00bb por parte de la Damm. Los nuestros se pusieron nerviosos y no supieron defender muy bien en bandas.<br>Finalmente sale el 1 a 1 y despu\u00e9s el 2 a 1 en una acci\u00f3n un poco extra\u00f1a donde hay rebotes en el \u00e1rea. El 2 a 2 se meti\u00f3 en una salida en diagonal de la Grama, parec\u00eda que iba a llegar el tercero de los azules, pero en una contra son los de la Damm quienes marcan el 3 a 0.<\/p>\n","protected":false},"excerpt":{"rendered":"<p>Damm 3 &#8211; Cadet \u201cA\u201d 2 El partit del Cadet \u00abA\u00bb va tenir parts bones i altres, no tan bones. Els contraris esperaven replegats per a intentar sortir en contra i \u00abfer mal\u00bb, per\u00f2 el que no van poder fer en la primera part \u00e9s marcar gol. Els de la\u00a0Grama\u00a0van ser els qui es van [&hellip;]<\/p>\n","protected":false},"author":1,"featured_media":30466,"comment_status":"closed","ping_status":"closed","sticky":false,"template":"","format":"standard","meta":{"footnotes":""},"categories":[4,7],"tags":[],"class_list":["post-30465","post","type-post","status-publish","format-standard","has-post-thumbnail","hentry","category-base-inclusiu","category-cadets"],"_links":{"self":[{"href":"http:\/\/fegrama.cat\/web\/wp-json\/wp\/v2\/posts\/30465","targetHints":{"allow":["GET"]}}],"collection":[{"href":"http:\/\/fegrama.cat\/web\/wp-json\/wp\/v2\/posts"}],"about":[{"href":"http:\/\/fegrama.cat\/web\/wp-json\/wp\/v2\/types\/post"}],"author":[{"embeddable":true,"href":"http:\/\/fegrama.cat\/web\/wp-json\/wp\/v2\/users\/1"}],"replies":[{"embeddable":true,"href":"http:\/\/fegrama.cat\/web\/wp-json\/wp\/v2\/comments?post=30465"}],"version-history":[{"count":1,"href":"http:\/\/fegrama.cat\/web\/wp-json\/wp\/v2\/posts\/30465\/revisions"}],"predecessor-version":[{"id":30467,"href":"http:\/\/fegrama.cat\/web\/wp-json\/wp\/v2\/posts\/30465\/revisions\/30467"}],"wp:featuredmedia":[{"embeddable":true,"href":"http:\/\/fegrama.cat\/web\/wp-json\/wp\/v2\/media\/30466"}],"wp:attachment":[{"href":"http:\/\/fegrama.cat\/web\/wp-json\/wp\/v2\/media?parent=30465"}],"wp:term":[{"taxonomy":"category","embeddable":true,"href":"http:\/\/fegrama.cat\/web\/wp-json\/wp\/v2\/categories?post=30465"},{"taxonomy":"post_tag","embeddable":true,"href":"http:\/\/fegrama.cat\/web\/wp-json\/wp\/v2\/tags?post=30465"}],"curies":[{"name":"wp","href":"https:\/\/api.w.org\/{rel}","templated":true}]}}