{"id":30456,"date":"2022-03-07T17:15:13","date_gmt":"2022-03-07T16:15:13","guid":{"rendered":"http:\/\/fegrama.cat\/web\/?p=30456"},"modified":"2022-03-07T17:15:14","modified_gmt":"2022-03-07T16:15:14","slug":"victoria-de-lalevi-g-a-casa","status":"publish","type":"post","link":"http:\/\/fegrama.cat\/web\/victoria-de-lalevi-g-a-casa\/","title":{"rendered":"Vict\u00f2ria de l&#8217;Alev\u00ed \u00abG\u00bb a casa!"},"content":{"rendered":"\n<p><strong>Alev\u00ed \u201cG\u201d\u00a0 7 &#8211; Escola Pia Sarri\u00e0 0<\/strong><\/p>\n\n\n\n<p>Els nois de l&#8217;Alev\u00ed \u201cG\u201d van jugar un partit f\u00e0cil, \u201csense molta hist\u00f2ria\u201d com diu el seu entrenador. Un partit, que com b\u00e9 va reflectir el marcador a casa, amb set punts per als nostres petits de blau.<br><br>Encara aix\u00ed cal remarcar que el resultat podria haver estat m\u00e9s inflat, ja que els nostres van tenir m\u00e9s ocasions de les que es van poder materialitzar.<\/p>\n\n\n\n<p><\/p>\n\n\n\n<hr class=\"wp-block-separator\"\/>\n\n\n\n<p><\/p>\n\n\n\n<p><strong>Alev\u00edn \u201cG\u201d&nbsp; 7 &#8211; Escola Pia Sarri\u00e0 0<\/strong><\/p>\n\n\n\n<p>Los chicos del Alev\u00edn \u201cG\u201d jugaron un partido f\u00e1cil, \u201csin mucha historia\u201d como dice su entrenador. Un partido, que como bien reflej\u00f3 el marcador en casa, con siete puntos para nuestros peque\u00f1os de azul.&nbsp;<\/p>\n\n\n\n<p>A\u00fan as\u00ed cabe remarcar que el resultado podr\u00eda haber sido m\u00e1s abultado, ya que los nuestros tuvieron m\u00e1s ocasiones de las que se pudieron materializar.<\/p>\n","protected":false},"excerpt":{"rendered":"<p>Alev\u00ed \u201cG\u201d\u00a0 7 &#8211; Escola Pia Sarri\u00e0 0 Els nois de l&#8217;Alev\u00ed \u201cG\u201d van jugar un partit f\u00e0cil, \u201csense molta hist\u00f2ria\u201d com diu el seu entrenador. Un partit, que com b\u00e9 va reflectir el marcador a casa, amb set punts per als nostres petits de blau. Encara aix\u00ed cal remarcar que el resultat podria haver [&hellip;]<\/p>\n","protected":false},"author":1,"featured_media":30189,"comment_status":"closed","ping_status":"closed","sticky":false,"template":"","format":"standard","meta":{"footnotes":""},"categories":[10,4],"tags":[],"class_list":["post-30456","post","type-post","status-publish","format-standard","has-post-thumbnail","hentry","category-alevins","category-base-inclusiu"],"_links":{"self":[{"href":"http:\/\/fegrama.cat\/web\/wp-json\/wp\/v2\/posts\/30456","targetHints":{"allow":["GET"]}}],"collection":[{"href":"http:\/\/fegrama.cat\/web\/wp-json\/wp\/v2\/posts"}],"about":[{"href":"http:\/\/fegrama.cat\/web\/wp-json\/wp\/v2\/types\/post"}],"author":[{"embeddable":true,"href":"http:\/\/fegrama.cat\/web\/wp-json\/wp\/v2\/users\/1"}],"replies":[{"embeddable":true,"href":"http:\/\/fegrama.cat\/web\/wp-json\/wp\/v2\/comments?post=30456"}],"version-history":[{"count":1,"href":"http:\/\/fegrama.cat\/web\/wp-json\/wp\/v2\/posts\/30456\/revisions"}],"predecessor-version":[{"id":30458,"href":"http:\/\/fegrama.cat\/web\/wp-json\/wp\/v2\/posts\/30456\/revisions\/30458"}],"wp:featuredmedia":[{"embeddable":true,"href":"http:\/\/fegrama.cat\/web\/wp-json\/wp\/v2\/media\/30189"}],"wp:attachment":[{"href":"http:\/\/fegrama.cat\/web\/wp-json\/wp\/v2\/media?parent=30456"}],"wp:term":[{"taxonomy":"category","embeddable":true,"href":"http:\/\/fegrama.cat\/web\/wp-json\/wp\/v2\/categories?post=30456"},{"taxonomy":"post_tag","embeddable":true,"href":"http:\/\/fegrama.cat\/web\/wp-json\/wp\/v2\/tags?post=30456"}],"curies":[{"name":"wp","href":"https:\/\/api.w.org\/{rel}","templated":true}]}}