{"id":30451,"date":"2022-03-07T08:47:40","date_gmt":"2022-03-07T07:47:40","guid":{"rendered":"http:\/\/fegrama.cat\/web\/?p=30451"},"modified":"2022-03-07T08:48:48","modified_gmt":"2022-03-07T07:48:48","slug":"30451-2","status":"publish","type":"post","link":"http:\/\/fegrama.cat\/web\/30451-2\/","title":{"rendered":"Empat a zero que sap a poc"},"content":{"rendered":"\n<p>Un Juvenil A molt superior al rival, UE Olot, no troba porteria (0-0), de vegades per falta d&#8217;encert i d&#8217;altres per falta de sort.<\/p>\n\n\n\n<p>Domini total dels colomencs de principi a fi davant un Olot que nom\u00e9s va travessar camp colomenc en comptades ocasions. El partit comen\u00e7ava amb els blaus en bloc alt, robant el m\u00e9s a prop de l&#8217;\u00e0rea contrincant i sent amos de la pilota.<\/p>\n\n\n\n<p>Als 5 minuts primera ocasi\u00f3 molt clara, bona centrada d&#8217;Adri Rosa des del carril esquerre i el davanter Bafode pr\u00e0cticament sol sense marca i a l&#8217;\u00e0rea petita remata de cap l&#8217;esf\u00e8rica per sobre del travesser. Nova ocasi\u00f3 per als de Santa Coloma, aquesta vegada el porter de l&#8217;Olot fa una bona intervenci\u00f3 davant d&#8217;un xut de Mario des de la frontal. Ho intentaven els de Manu Pel\u00e1ez, i de nou xut de Marc Pelaz despr\u00e9s de deixada de Bafode que atura el porter i una m\u00e9s abans de finalitzar la primera part obra de nou de Marc Pelaz que dispara encreuat.<\/p>\n\n\n\n<p>Amb 0-0 els equips se n&#8217;anaven a vestidors. A la represa mateixa t\u00f2nica, un Olot ficat completament al seu propi camp, i una Grama que intentava per tots els mitjans penetrar aquesta muralla. Al 3\u2032 de la segona meitat una combinaci\u00f3 entre Rub\u00e9n i Pelaz, i el centre d&#8217;aquest el remata a boca gerro Oliver i el porter l&#8217;envia a c\u00f3rner. Poc despr\u00e9s, xut d&#8217;Oliver des de la frontal que de nou l&#8217;atura el porter visitant. Ho intentaven i ho intentaven els locals, ara rematada de cap de Ca\u00f1ete que surt per sobre el travesser.<\/p>\n\n\n\n<p>Bons minuts dels colomencs, que circulaven b\u00e9 i arribaven amb facilitat als \u00faltims metres del camp rival, \u00e9s on faltava una mica de precisi\u00f3. Minuts finals, la Grama bolcada i el central Tortajada en una rematada de cap tindria la darrera del partit. Empat a zero que sap poc despr\u00e9s d&#8217;haver vist la superioritat dels blaus.<\/p>\n\n\n\n<p>Manu Pel\u00e1ez (entrenador Juvenil a FE Grama) destacava l&#8217;actitud dels jugadors. \u00ab\u00c9s cert que altres dies ens ha costat m\u00e9s generar ocasions i ens ha faltat una mica d&#8217;intensitat, per\u00f2 avui no hi ha res a retreure, els nois ho han donat tot. Cal felicitar-los per la seva actitud i comprom\u00eds, no nom\u00e9s avui, sin\u00f3 des del mes de juliol que va comen\u00e7ar. Hem fet ocasions per emportar-nos els 3 punts, els primers 20 minuts de partit s\u00f3n de nivell, un gol aqu\u00ed ens hagu\u00e9s donat lloc a un partit totalment diferent\u2026 no s&#8217;ha donat i el futbol t\u00e9 aquestes coses. Dilluns tornarem als entrenaments amb m\u00e9s il\u00b7lusi\u00f3 i m\u00e9s for\u00e7a.\u00bb<\/p>\n\n\n\n<div class=\"wp-block-image\"><figure class=\"aligncenter size-large\"><img loading=\"lazy\" decoding=\"async\" width=\"1024\" height=\"683\" src=\"http:\/\/fegrama.cat\/web\/wp-content\/uploads\/2022\/03\/IMG-20220307-WA0005-1024x683.jpg\" alt=\"\" class=\"wp-image-30453\" srcset=\"http:\/\/fegrama.cat\/web\/wp-content\/uploads\/2022\/03\/IMG-20220307-WA0005-1024x683.jpg 1024w, http:\/\/fegrama.cat\/web\/wp-content\/uploads\/2022\/03\/IMG-20220307-WA0005-300x200.jpg 300w, http:\/\/fegrama.cat\/web\/wp-content\/uploads\/2022\/03\/IMG-20220307-WA0005-768x512.jpg 768w, http:\/\/fegrama.cat\/web\/wp-content\/uploads\/2022\/03\/IMG-20220307-WA0005.jpg 1296w\" sizes=\"auto, (max-width: 1024px) 100vw, 1024px\" \/><figcaption>Foto: Carlos P\u00e9rez<\/figcaption><\/figure><\/div>\n\n\n\n<p>Un Juvenil A muy superior al rival, UE Colot, no encuentra porter\u00eda (0-0), unas veces por falta de acierto y otras por falta de suerte.<\/p>\n\n\n\n<p>Dominio total de los colomenses de principio a fin ante un Olot que s\u00f3lo atraves\u00f3 campo colomense en contadas ocasiones. El partido empezaba con los azules en bloque alto, robando lo m\u00e1s cerca del \u00e1rea contrincante y siendo due\u00f1os del bal\u00f3n. <\/p>\n\n\n\n<p>A los 5 minutos primera ocasi\u00f3n muy clara, buen centro de Adri Rosa desde el carril izquierdo y el delantero Bafode pr\u00e1cticamente solo sin marca y en el \u00e1rea peque\u00f1a cabecea el esf\u00e9rico por encima del larguero. Nueva ocasi\u00f3n para los de Santa Coloma, est\u00e1 vez el cancerbero del Olot hace una buena intervenci\u00f3n ante un disparo de Mario desde la frontal. Lo intentaban los de Manu Pel\u00e1ez, y de nuevo chut de Marc Pelaz tras dejada de Bafode que ataja el portero y una m\u00e1s antes de finalizar la primera parte obra de nuevo de Marc Pelaz que dispara cruzado. <\/p>\n\n\n\n<p>Con 0-0 los equipos se iban a vestuarios. En la reanudaci\u00f3n misma t\u00f3nica, un Olot metido completamente en su propio campo, y una Grama que intentaba por todos los medios penetrar dicha muralla. En el 3&#8242; de la segunda mitad una combinaci\u00f3n entre Rub\u00e9n y Pelaz, y el centro de este lo remata a boca jarro Oliver y el guardameta lo env\u00eda a c\u00f3rner. Poco despu\u00e9s , chut de Oliver desde la frontal que de nuevo lo detiene el portero visitante. Lo intentaban y lo intentaban los locales, ahora remate de cabeza de Ca\u00f1ete que sale por encima el travesa\u00f1o. <\/p>\n\n\n\n<p>Buenos minutos de los colomenses, que circulaban bien y llegaban con facilidad a los \u00faltimos metros del campo rival, es ah\u00ed donde faltaba un poco de precisi\u00f3n. Minutos finales, la Grama volcada y el central Tortajada en un remate de cabeza tendr\u00eda la ultima del partido. Empate a cero que sabe a poco despu\u00e9s de haber visto la superioridad de los azules.<\/p>\n\n\n\n<p>Manu Pel\u00e1ez (entrenador Juvenil a fE Grama) destacaba la actitud de los jugadores. \u00abEs cierto que otros d\u00edas nos ha costado m\u00e1s generar ocasiones y nos ha faltado algo de intensidad, pero hoy no hay nada que reprochar, los chicos lo han dado todo. Hay que felicitarlos por su actitud y compromiso, no s\u00f3lo hoy, sino desde el mes de julio que empezamos. Hemos hecho ocasiones para llevarnos los 3 puntos , los primeros 20 minutos de partido son de nivel, un gol ah\u00ed nos hubiese dado lugar a un partido totalmente diferente\u2026 no se ha dado y el f\u00fatbol tiene estas cosas. El lunes volveremos a los entrenamientos con m\u00e1s ilusi\u00f3n y m\u00e1s fuerza.\u00bb<\/p>\n","protected":false},"excerpt":{"rendered":"<p>Un Juvenil A molt superior al rival, UE Olot, no troba porteria (0-0), de vegades per falta d&#8217;encert i d&#8217;altres per falta de sort. Domini total dels colomencs de principi a fi davant un Olot que nom\u00e9s va travessar camp colomenc en comptades ocasions. El partit comen\u00e7ava amb els blaus en bloc alt, robant el [&hellip;]<\/p>\n","protected":false},"author":1,"featured_media":30453,"comment_status":"closed","ping_status":"closed","sticky":false,"template":"","format":"standard","meta":{"footnotes":""},"categories":[5],"tags":[],"class_list":["post-30451","post","type-post","status-publish","format-standard","has-post-thumbnail","hentry","category-primer-equip"],"_links":{"self":[{"href":"http:\/\/fegrama.cat\/web\/wp-json\/wp\/v2\/posts\/30451","targetHints":{"allow":["GET"]}}],"collection":[{"href":"http:\/\/fegrama.cat\/web\/wp-json\/wp\/v2\/posts"}],"about":[{"href":"http:\/\/fegrama.cat\/web\/wp-json\/wp\/v2\/types\/post"}],"author":[{"embeddable":true,"href":"http:\/\/fegrama.cat\/web\/wp-json\/wp\/v2\/users\/1"}],"replies":[{"embeddable":true,"href":"http:\/\/fegrama.cat\/web\/wp-json\/wp\/v2\/comments?post=30451"}],"version-history":[{"count":3,"href":"http:\/\/fegrama.cat\/web\/wp-json\/wp\/v2\/posts\/30451\/revisions"}],"predecessor-version":[{"id":30455,"href":"http:\/\/fegrama.cat\/web\/wp-json\/wp\/v2\/posts\/30451\/revisions\/30455"}],"wp:featuredmedia":[{"embeddable":true,"href":"http:\/\/fegrama.cat\/web\/wp-json\/wp\/v2\/media\/30453"}],"wp:attachment":[{"href":"http:\/\/fegrama.cat\/web\/wp-json\/wp\/v2\/media?parent=30451"}],"wp:term":[{"taxonomy":"category","embeddable":true,"href":"http:\/\/fegrama.cat\/web\/wp-json\/wp\/v2\/categories?post=30451"},{"taxonomy":"post_tag","embeddable":true,"href":"http:\/\/fegrama.cat\/web\/wp-json\/wp\/v2\/tags?post=30451"}],"curies":[{"name":"wp","href":"https:\/\/api.w.org\/{rel}","templated":true}]}}