{"id":30448,"date":"2022-03-06T22:29:44","date_gmt":"2022-03-06T21:29:44","guid":{"rendered":"http:\/\/fegrama.cat\/web\/?p=30448"},"modified":"2022-03-06T22:29:45","modified_gmt":"2022-03-06T21:29:45","slug":"cronica-del-prebenjami-a-contra-lacademia-hospitalet","status":"publish","type":"post","link":"http:\/\/fegrama.cat\/web\/cronica-del-prebenjami-a-contra-lacademia-hospitalet\/","title":{"rendered":"Cr\u00f2nica del Prebenjam\u00ed \u00abA\u00bb contra l&#8217;Acad\u00e8mia Hospitalet."},"content":{"rendered":"\n<p><strong>Acad\u00e8mia Hospitalet 9 &#8211;\u00a0Prebenjam\u00ed\u00a0\u201cA\u201d 1<\/strong><\/p>\n\n\n\n<p>Els petitons del prebenjam\u00ed \u201cA\u201d van jugar el seu partit setmanal aquesta vegada fora de casa. Un partit contra el l\u00edder que no va voler perdonar el primer quart, en el qual els blaus de la\u00a0Grama, van sortir adormits. \u00c9s normal, s\u00f3n petits i no sempre tenen l&#8217;actitud necess\u00e0ria, encara aix\u00ed a poc a poc, es va forjant.<\/p>\n\n\n\n<p>Cal destacar el segon i tercer quart, en el qual els de la&nbsp;Grama&nbsp;van estar PERFECTES, per\u00f2 encara aix\u00ed el cansament es va anar notant perqu\u00e8 no es podien fer canvis. En l&#8217;\u00faltim quart, l&#8217;equip contrari no perdona i \u00e9s on venen els gols.<\/p>\n\n\n\n<p>Encara aix\u00ed, la\u00a0Grama\u00a0se sent contenta per la imatge que han donat de grup i per la millora del resultat de l&#8217;anada.<br>Ja queda menys.<\/p>\n\n\n\n<p><\/p>\n\n\n\n<hr class=\"wp-block-separator\"\/>\n\n\n\n<p><\/p>\n\n\n\n<p><strong>Academia Hospitalet 9 &#8211; Prebenjam\u00ed \u201cA\u201d 1<\/strong><\/p>\n\n\n\n<p>Los peque\u00f1itos del Prebenjam\u00edn \u201cA\u201d jugaron su partido semanal esta vez fuera de casa. Un partido contra el l\u00edder que no quiso perdonar el primer cuarto en el que los azules de la Grama, salieron dormidos. Es normal, son peque\u00f1os y no siempre tienen la actitud necesaria, a\u00fan as\u00ed poco a poco, se va forjando.&nbsp;<\/p>\n\n\n\n<p>Hay que destacar el segundo y tercer cuarto, en el que los de la Grama estuvieron PERFECTOS, pero a\u00fan as\u00ed el cansancio se fue notando porque no se pod\u00edan hacer cambios. En el \u00faltimo cuarto, el equipo contrario no perdona y es d\u00f3nde vienen los goles.<\/p>\n\n\n\n<p>A\u00fan as\u00ed, la Grama se siente contenta por la imagen que han dado de grupo y por la mejora del resultado de la ida.<\/p>\n\n\n\n<p>Ya queda menos.<\/p>\n","protected":false},"excerpt":{"rendered":"<p>Acad\u00e8mia Hospitalet 9 &#8211;\u00a0Prebenjam\u00ed\u00a0\u201cA\u201d 1 Els petitons del prebenjam\u00ed \u201cA\u201d van jugar el seu partit setmanal aquesta vegada fora de casa. Un partit contra el l\u00edder que no va voler perdonar el primer quart, en el qual els blaus de la\u00a0Grama, van sortir adormits. \u00c9s normal, s\u00f3n petits i no sempre tenen l&#8217;actitud necess\u00e0ria, encara [&hellip;]<\/p>\n","protected":false},"author":1,"featured_media":30449,"comment_status":"closed","ping_status":"closed","sticky":false,"template":"","format":"standard","meta":{"footnotes":""},"categories":[4,12],"tags":[],"class_list":["post-30448","post","type-post","status-publish","format-standard","has-post-thumbnail","hentry","category-base-inclusiu","category-prebenjamins"],"_links":{"self":[{"href":"http:\/\/fegrama.cat\/web\/wp-json\/wp\/v2\/posts\/30448","targetHints":{"allow":["GET"]}}],"collection":[{"href":"http:\/\/fegrama.cat\/web\/wp-json\/wp\/v2\/posts"}],"about":[{"href":"http:\/\/fegrama.cat\/web\/wp-json\/wp\/v2\/types\/post"}],"author":[{"embeddable":true,"href":"http:\/\/fegrama.cat\/web\/wp-json\/wp\/v2\/users\/1"}],"replies":[{"embeddable":true,"href":"http:\/\/fegrama.cat\/web\/wp-json\/wp\/v2\/comments?post=30448"}],"version-history":[{"count":1,"href":"http:\/\/fegrama.cat\/web\/wp-json\/wp\/v2\/posts\/30448\/revisions"}],"predecessor-version":[{"id":30450,"href":"http:\/\/fegrama.cat\/web\/wp-json\/wp\/v2\/posts\/30448\/revisions\/30450"}],"wp:featuredmedia":[{"embeddable":true,"href":"http:\/\/fegrama.cat\/web\/wp-json\/wp\/v2\/media\/30449"}],"wp:attachment":[{"href":"http:\/\/fegrama.cat\/web\/wp-json\/wp\/v2\/media?parent=30448"}],"wp:term":[{"taxonomy":"category","embeddable":true,"href":"http:\/\/fegrama.cat\/web\/wp-json\/wp\/v2\/categories?post=30448"},{"taxonomy":"post_tag","embeddable":true,"href":"http:\/\/fegrama.cat\/web\/wp-json\/wp\/v2\/tags?post=30448"}],"curies":[{"name":"wp","href":"https:\/\/api.w.org\/{rel}","templated":true}]}}