{"id":30446,"date":"2022-03-06T22:19:40","date_gmt":"2022-03-06T21:19:40","guid":{"rendered":"http:\/\/fegrama.cat\/web\/?p=30446"},"modified":"2022-03-06T22:19:41","modified_gmt":"2022-03-06T21:19:41","slug":"victoria-que-es-queda-a-casa-pels-del-infantil-d","status":"publish","type":"post","link":"http:\/\/fegrama.cat\/web\/victoria-que-es-queda-a-casa-pels-del-infantil-d\/","title":{"rendered":"Vict\u00f2ria que es queda a casa pels del Infantil \u00abD\u00bb!"},"content":{"rendered":"\n<p><strong>Infantil \u201cD\u201d 4 &#8211; Sant Adri\u00e0 0<\/strong><\/p>\n\n\n\n<p>Els petits de l&#8217;Infantil \u201cD\u201d van jugar un partit bastant disputat en el qual l&#8217;efic\u00e0cia va acabar decantant el partit per als de la&nbsp;Grama.<\/p>\n\n\n\n<p>En jugar a casa, els nostres ho tenien una mica m\u00e9s f\u00e0cil, per\u00f2 encara aix\u00ed van saber sofrir i tamb\u00e9 materialitzar les ocasions de gol que van tenir deixant el resultat de 4 a 0.<\/p>\n\n\n\n<p>Toca seguir per aquest cam\u00ed sempre.<\/p>\n\n\n\n\n\n<hr class=\"wp-block-separator\"\/>\n\n\n\n<p><\/p>\n\n\n\n<p><strong>Infantil \u201cD\u201d 4 &#8211; Sant Adri\u00e0 0<\/strong><\/p>\n\n\n\n<p>Los peque\u00f1os del Infantil \u201cD\u201d jugaron un partido bastante disputado en el que la eficacia acab\u00f3 decantando el partido para los de la Grama.<\/p>\n\n\n\n<p>Al jugar en casa, los nuestros lo ten\u00edan un poco m\u00e1s f\u00e1cil, pero a\u00fan as\u00ed supieron sufrir y tambi\u00e9n materializar las ocasiones de gol que tuvieron dejando el resultado de 4 a 0.<\/p>\n\n\n\n<p>Toca seguir por este camino siempre.<\/p>\n","protected":false},"excerpt":{"rendered":"<p>Infantil \u201cD\u201d 4 &#8211; Sant Adri\u00e0 0 Els petits de l&#8217;Infantil \u201cD\u201d van jugar un partit bastant disputat en el qual l&#8217;efic\u00e0cia va acabar decantant el partit per als de la&nbsp;Grama. En jugar a casa, els nostres ho tenien una mica m\u00e9s f\u00e0cil, per\u00f2 encara aix\u00ed van saber sofrir i tamb\u00e9 materialitzar les ocasions de [&hellip;]<\/p>\n","protected":false},"author":1,"featured_media":30193,"comment_status":"closed","ping_status":"closed","sticky":false,"template":"","format":"standard","meta":{"footnotes":""},"categories":[4,9],"tags":[],"class_list":["post-30446","post","type-post","status-publish","format-standard","has-post-thumbnail","hentry","category-base-inclusiu","category-infantils"],"_links":{"self":[{"href":"http:\/\/fegrama.cat\/web\/wp-json\/wp\/v2\/posts\/30446","targetHints":{"allow":["GET"]}}],"collection":[{"href":"http:\/\/fegrama.cat\/web\/wp-json\/wp\/v2\/posts"}],"about":[{"href":"http:\/\/fegrama.cat\/web\/wp-json\/wp\/v2\/types\/post"}],"author":[{"embeddable":true,"href":"http:\/\/fegrama.cat\/web\/wp-json\/wp\/v2\/users\/1"}],"replies":[{"embeddable":true,"href":"http:\/\/fegrama.cat\/web\/wp-json\/wp\/v2\/comments?post=30446"}],"version-history":[{"count":1,"href":"http:\/\/fegrama.cat\/web\/wp-json\/wp\/v2\/posts\/30446\/revisions"}],"predecessor-version":[{"id":30447,"href":"http:\/\/fegrama.cat\/web\/wp-json\/wp\/v2\/posts\/30446\/revisions\/30447"}],"wp:featuredmedia":[{"embeddable":true,"href":"http:\/\/fegrama.cat\/web\/wp-json\/wp\/v2\/media\/30193"}],"wp:attachment":[{"href":"http:\/\/fegrama.cat\/web\/wp-json\/wp\/v2\/media?parent=30446"}],"wp:term":[{"taxonomy":"category","embeddable":true,"href":"http:\/\/fegrama.cat\/web\/wp-json\/wp\/v2\/categories?post=30446"},{"taxonomy":"post_tag","embeddable":true,"href":"http:\/\/fegrama.cat\/web\/wp-json\/wp\/v2\/tags?post=30446"}],"curies":[{"name":"wp","href":"https:\/\/api.w.org\/{rel}","templated":true}]}}