{"id":30444,"date":"2022-03-06T22:10:11","date_gmt":"2022-03-06T21:10:11","guid":{"rendered":"http:\/\/fegrama.cat\/web\/?p=30444"},"modified":"2022-03-06T22:11:08","modified_gmt":"2022-03-06T21:11:08","slug":"victoria-brutal-del-cadet-b-a-casa","status":"publish","type":"post","link":"http:\/\/fegrama.cat\/web\/victoria-brutal-del-cadet-b-a-casa\/","title":{"rendered":"Vict\u00f2ria BRUTAL del Cadet \u00abB\u00bb a casa"},"content":{"rendered":"\n<p><strong>Cadet \u201cB\u201d 2 &#8211; Fundaci\u00f3 U.E. Olot 1<\/strong><\/p>\n\n\n\n<p>-No ho entenc, tots van aixecar la m\u00e0. &#8211; els va dir Antonio als seus amics.<br>-Clar! \u00c9s que la vict\u00f2ria t\u00e9 molts pares! &#8211; van exclamar a l&#8217;un\u00edson Juan i Pedro, auda\u00e7os seguidors de l&#8217;equip local, en una esp\u00e8cie de\u00a0eureka\u00a0particular.<\/p>\n\n\n\n<p>Aquest di\u00e0leg inventat, pura fantasia, \u00e9s tan real com que succeeix molt sovint quan es guanya un partit de futbol. Per\u00f2 us comptarem un secret, un \u201cspoiler\u201d, com es diria en aquests temps que corren: \u201cLa vict\u00f2ria nom\u00e9s t\u00e9 uns veritables pares: els jugadors\u201d. La resta s\u00f3n autoatribucions que s&#8217;amaguen en la derrota.<\/p>\n\n\n\n<p>El partit guanyat ahir pel nostre cadet B \u00e9s de tots aquests pares (per rigor\u00f3s ordre de dorsal): Alex&nbsp;Palero,&nbsp;Gen\u00eds&nbsp;\u00c1vila, Marc S\u00e1nchez, Pol Garc\u00eda, Oriol Caballero, Alex L\u00f3pez, Oscar Alonso, Biel Rodr\u00edguez, Nil&nbsp;Codina, Henry&nbsp;Egas, Izan&nbsp;Di\u00e9guez, Marc Mu\u00f1oz, Rub\u00e9n&nbsp;Constantin, Pol Gald\u00f3n, Kevin L\u00f3pez, Xavi&nbsp;Cadenas,&nbsp;Ale&nbsp;Llorens,&nbsp;Yasin&nbsp;Azzouzi, Guillem Garc\u00eda.<\/p>\n\n\n\n<p>Jugar contra la&nbsp;Fundaci\u00f3&nbsp;Va unir&nbsp;Esportiva&nbsp;Olot \u00e9s sin\u00f2nim d&#8217;enfrontar-te a alg\u00fa que assegurar\u00e0 ritme de joc, capacitat de tenir la pilota, valentia a l&#8217;hora de defensar i noblesa en el seu joc. Els punts no es regalen i, no en va, s\u00f3n segons en la classificaci\u00f3 general. Per\u00f2 tot aix\u00f2 va ser contrarestat i igualat pels de Santa Coloma amb tremenda efic\u00e0cia, sense perdre la concentraci\u00f3, no escatimant esfor\u00e7os.<\/p>\n\n\n\n<p>Malgrat comen\u00e7ar perdent despr\u00e9s d&#8217;un tremend gol des de fora de l&#8217;\u00e0rea, la remuntada va arribar, tamb\u00e9, amb dos demencials trets des de lluny. Gols bonics, jocs col\u00b7lectius molt intensos i valents, per part dels dos equips, van deixar exhaustos als jugadors i a la graderia, animant i ajudant a l&#8217;equip.<\/p>\n\n\n\n<p>El cos t\u00e8cnic ens deixava les seg\u00fcents reflexions: \u201cSi alguna cosa t\u00e9 aquest equip, a m\u00e9s de molt de futbol, \u00e9s resili\u00e8ncia. \u00c9s curi\u00f3s que, en la societat de la immediatesa, de les presses, de la frustraci\u00f3, de tenir-ho tot a cop de m\u00f2bil, tinguem un equip amb la capacitat d&#8217;aixecar-se tantes vegades despr\u00e9s d&#8217;ensopegar amb virul\u00e8ncia. Ens emociona quan amb el seu joc, la seva solidaritat i la seva generositat en l&#8217;esfor\u00e7 connecten a la graderia perqu\u00e8 els empenyin a ser millors en els moments de dificultat. Ens queden 10 jornades per a recollir el fruit de molts dies de sembra. El futbol no t&#8217;enganya, encara que a vegades sigui cruel, sempre et retorna el que li lliures.\u201d<\/p>\n\n\n\n<p><\/p>\n\n\n\n<hr class=\"wp-block-separator is-style-default\"\/>\n\n\n\n<p><\/p>\n\n\n\n<p><strong>Cadete \u201cB\u201d 2 &#8211; Fundaci\u00f3 U.E. Olot 1<\/strong><\/p>\n\n\n\n<p>-No lo entiendo, todos levantaron la mano. &#8211; les dijo Antonio a sus amigos.<\/p>\n\n\n\n<p>-\u00a1Claro! \u00a1Es que la victoria tiene muchos padres! &#8211; exclamaron al un\u00edsono Juan y Pedro, audaces seguidores del equipo local, en una especie de eureka particular.<\/p>\n\n\n\n<p>Este di\u00e1logo inventado, pura fantas\u00eda, es tan real como que sucede muy a menudo cuando se gana un partido de f\u00fatbol. Pero os vamos a contar un secreto, un \u201cspoiler\u201d, como se dir\u00eda en estos tiempos que corren: \u201cLa victoria solo tiene unos verdaderos padres: los jugadores\u201d. El resto son autoatribuciones que se esconden en la derrota.<\/p>\n\n\n\n<p>El partido ganado ayer por nuestro cadete B es de todos estos padres (por riguroso orden de dorsal): Alex Palero, Gen\u00eds \u00c1vila, Marc S\u00e1nchez, Pol Garc\u00eda, Oriol Caballero, Alex L\u00f3pez, Oscar Alonso, Biel Rodr\u00edguez, Nil Codina, Henry Egas, Izan Di\u00e9guez, Marc Mu\u00f1oz, Rub\u00e9n Constantin, Pol Gald\u00f3n, Kevin L\u00f3pez, Xavi Cadenas, Ale Llorens, Yasin Azzouzi, Guillem Garc\u00eda.&nbsp;<\/p>\n\n\n\n<p>Jugar contra la Fundaci\u00f3 Uni\u00f3 Esportiva Olot es sin\u00f3nimo de enfrentarte a alguien que va a asegurar ritmo de juego, capacidad de tener el bal\u00f3n, valent\u00eda a la hora de defender y nobleza en su juego. Los puntos no se regalan y, no en vano, son segundos en la clasificaci\u00f3n general. Pero todo esto fue contrarrestado e igualado por los de Santa Coloma con tremenda eficacia, sin perder la concentraci\u00f3n, no escatimando esfuerzos.<\/p>\n\n\n\n<p>Pese a empezar perdiendo tras un tremendo gol desde fuera del \u00e1rea, la remontada lleg\u00f3, tambi\u00e9n, con dos demenciales disparos desde lejos. Goles bonitos, juegos colectivos muy intensos y valientes, por parte de los dos equipos, dejaron exhaustos a los jugadores y a la grada, animando y ayudando al equipo.<\/p>\n\n\n\n<p>El cuerpo t\u00e9cnico nos dejaba las siguientes reflexiones: \u201cSi algo tiene este equipo, adem\u00e1s de mucho f\u00fatbol, es resiliencia. Es curioso que, en la sociedad de la inmediatez, de las prisas, de la frustraci\u00f3n, de tenerlo todo a golpe de m\u00f3vil, tengamos un equipo con la capacidad de levantarse tantas veces tras tropezar con virulencia. Nos emociona cuando con su juego, su solidaridad y su generosidad en el esfuerzo conectan a la grada para que les empujen a ser mejores en los momentos de dificultad. Nos quedan 10 jornadas para recoger el fruto de muchos d\u00edas de siembra. El f\u00fatbol no te enga\u00f1a, aunque a veces sea cruel, siempre te devuelve lo que le entregas.\u201d<\/p>\n","protected":false},"excerpt":{"rendered":"<p>Cadet \u201cB\u201d 2 &#8211; Fundaci\u00f3 U.E. Olot 1 -No ho entenc, tots van aixecar la m\u00e0. &#8211; els va dir Antonio als seus amics.-Clar! \u00c9s que la vict\u00f2ria t\u00e9 molts pares! &#8211; van exclamar a l&#8217;un\u00edson Juan i Pedro, auda\u00e7os seguidors de l&#8217;equip local, en una esp\u00e8cie de\u00a0eureka\u00a0particular. Aquest di\u00e0leg inventat, pura fantasia, \u00e9s tan [&hellip;]<\/p>\n","protected":false},"author":1,"featured_media":30227,"comment_status":"closed","ping_status":"closed","sticky":false,"template":"","format":"standard","meta":{"footnotes":""},"categories":[4,7],"tags":[],"class_list":["post-30444","post","type-post","status-publish","format-standard","has-post-thumbnail","hentry","category-base-inclusiu","category-cadets"],"_links":{"self":[{"href":"http:\/\/fegrama.cat\/web\/wp-json\/wp\/v2\/posts\/30444","targetHints":{"allow":["GET"]}}],"collection":[{"href":"http:\/\/fegrama.cat\/web\/wp-json\/wp\/v2\/posts"}],"about":[{"href":"http:\/\/fegrama.cat\/web\/wp-json\/wp\/v2\/types\/post"}],"author":[{"embeddable":true,"href":"http:\/\/fegrama.cat\/web\/wp-json\/wp\/v2\/users\/1"}],"replies":[{"embeddable":true,"href":"http:\/\/fegrama.cat\/web\/wp-json\/wp\/v2\/comments?post=30444"}],"version-history":[{"count":1,"href":"http:\/\/fegrama.cat\/web\/wp-json\/wp\/v2\/posts\/30444\/revisions"}],"predecessor-version":[{"id":30445,"href":"http:\/\/fegrama.cat\/web\/wp-json\/wp\/v2\/posts\/30444\/revisions\/30445"}],"wp:featuredmedia":[{"embeddable":true,"href":"http:\/\/fegrama.cat\/web\/wp-json\/wp\/v2\/media\/30227"}],"wp:attachment":[{"href":"http:\/\/fegrama.cat\/web\/wp-json\/wp\/v2\/media?parent=30444"}],"wp:term":[{"taxonomy":"category","embeddable":true,"href":"http:\/\/fegrama.cat\/web\/wp-json\/wp\/v2\/categories?post=30444"},{"taxonomy":"post_tag","embeddable":true,"href":"http:\/\/fegrama.cat\/web\/wp-json\/wp\/v2\/tags?post=30444"}],"curies":[{"name":"wp","href":"https:\/\/api.w.org\/{rel}","templated":true}]}}