{"id":30434,"date":"2022-03-06T16:59:30","date_gmt":"2022-03-06T15:59:30","guid":{"rendered":"http:\/\/fegrama.cat\/web\/?p=30434"},"modified":"2022-03-06T18:11:21","modified_gmt":"2022-03-06T17:11:21","slug":"la-desena-de-la-grama-1-0","status":"publish","type":"post","link":"http:\/\/fegrama.cat\/web\/la-desena-de-la-grama-1-0\/","title":{"rendered":"La desena de la Grama (1-0)"},"content":{"rendered":"\n<p>Important vict\u00f2ria de la Fundaci\u00f3 Esportiva Grama que suma la desena de la temporada. 1-0 a casa davant una combativa UE Castelldefels per continuar mirant i somiant amb els play-offs.<\/p>\n\n\n\n<div class=\"wp-block-image\"><figure class=\"aligncenter size-large\"><img loading=\"lazy\" decoding=\"async\" width=\"1024\" height=\"683\" src=\"https:\/\/fegrama.cat\/web\/wp-content\/uploads\/2022\/03\/no-a-la-guerra-ucrania-1024x683.jpg\" alt=\"\" class=\"wp-image-30439\" srcset=\"http:\/\/fegrama.cat\/web\/wp-content\/uploads\/2022\/03\/no-a-la-guerra-ucrania-1024x683.jpg 1024w, http:\/\/fegrama.cat\/web\/wp-content\/uploads\/2022\/03\/no-a-la-guerra-ucrania-300x200.jpg 300w, http:\/\/fegrama.cat\/web\/wp-content\/uploads\/2022\/03\/no-a-la-guerra-ucrania-768x512.jpg 768w, http:\/\/fegrama.cat\/web\/wp-content\/uploads\/2022\/03\/no-a-la-guerra-ucrania-1536x1024.jpg 1536w, http:\/\/fegrama.cat\/web\/wp-content\/uploads\/2022\/03\/no-a-la-guerra-ucrania-2048x1365.jpg 2048w\" sizes=\"auto, (max-width: 1024px) 100vw, 1024px\" \/><figcaption>FE Grama i UE Castelldefels han dit NO A LA GUERRA. <\/figcaption><\/figure><\/div>\n\n\n\n<p>Primers 45 minuts de joc on els dos equips es van buscar sense crear perill. Molt domini de pilota per part de tots dos per\u00f2 cap profunditat, faltava la darrera passada. Molta igualtat al terreny de joc. Alguns acostaments i poca cosa m\u00e9s.<\/p>\n\n\n\n<p>L&#8217;\u00fanica ocasi\u00f3 del primer temps la va tenir la Grama a les botes d&#8217;\u00c1ngel. Una gran passada en profunditat rasa de Fran va deixar sol \u00c1ngel que per poquet li cola la pilota per sota les cames al porter. Amb 0-0 es va arribar al descans i es va reiniciar el joc amb dos canvis. Juanma Pons va donar entrada a Adri Rosa &#8216;Rolo&#8217; i Antonicelli per Monterde i Fran.<\/p>\n\n\n\n<p>La Grama va guanyar en intensitat, car\u00e0cter, urpa i va fer un pas endavant per buscar la vict\u00f2ria. Un molt actiu Solsona ho va provar dues vegades, la primera (51\u2032) va topar amb el porter i la segona l&#8217;enviaria creuada fregant el pal (55\u2032). Els visitants es van acostar sense donar feina a Guiseris. I al minut 71\u2032 quan el partit havia passat a ser un vaiv\u00e9 va arribar l&#8217;1-0.<\/p>\n\n\n\n<p>Adri Rosa va rebre en banda esquerra i seu va ser el centre ras fort que la defensa per poc treia per\u00f2 Escarrabill arribant des del darrere va aprofitar el rebuig per batre el porter. La resposta del Castelldefels va ser immediata (75\u2032) i Ferreira dins de l&#8217;\u00e0rea amb tot a favor enviaria la pilota als n\u00favols.<\/p>\n\n\n\n<p>La Grama va tenir el segon al 80\u2032 amb una rematada potent de cap de Montalb\u00e1n a centre de Peris, el porter evitaria el segon i tamb\u00e9 la fortuna li somriuria quan Solsona enviava fregant el pal el seu rebuig. D&#8217;aqu\u00ed al final arribaria el debut al minut 86 del juvenil Oliver Acosta i una parada de Guiseris. Els colomencs no van patir per emportar-se la vict\u00f2ria (1-0).<\/p>\n\n\n\n<div class=\"wp-block-image\"><figure class=\"aligncenter size-large\"><img loading=\"lazy\" decoding=\"async\" width=\"1024\" height=\"683\" src=\"https:\/\/fegrama.cat\/web\/wp-content\/uploads\/2022\/03\/20220306121808_IMG_3082_1-1024x683.jpg\" alt=\"\" class=\"wp-image-30440\" srcset=\"http:\/\/fegrama.cat\/web\/wp-content\/uploads\/2022\/03\/20220306121808_IMG_3082_1-1024x683.jpg 1024w, http:\/\/fegrama.cat\/web\/wp-content\/uploads\/2022\/03\/20220306121808_IMG_3082_1-300x200.jpg 300w, http:\/\/fegrama.cat\/web\/wp-content\/uploads\/2022\/03\/20220306121808_IMG_3082_1-768x512.jpg 768w, http:\/\/fegrama.cat\/web\/wp-content\/uploads\/2022\/03\/20220306121808_IMG_3082_1-1536x1024.jpg 1536w, http:\/\/fegrama.cat\/web\/wp-content\/uploads\/2022\/03\/20220306121808_IMG_3082_1-2048x1365.jpg 2048w\" sizes=\"auto, (max-width: 1024px) 100vw, 1024px\" \/><\/figure><\/div>\n\n\n\n<p>Importante victoria de la Fundaci\u00f3 Esportiva Grama que suma la d\u00e9cima de la temporada. 1-0 en casa ante una combativa UE Castelldefels para seguir mirando y so\u00f1ando con los play-offs.<\/p>\n\n\n\n<p>Primeros 45 minutos de juego donde los dos equipos se buscaron sin crearse peligro. Mucho dominio de bal\u00f3n por parte de ambos pero ninguna profundidad, faltaba el \u00faltimo pase. Mucha igualdad en el terreno de juego. Algunos acercamientos y poco m\u00e1s. <\/p>\n\n\n\n<p>La \u00fanica ocasi\u00f3n del primer tiempo la tuvo la Grama en las botas de \u00c1ngel. Un gran pase en profundidad raso de Fran dej\u00f3 solo a \u00c1ngel que casi le cuela la pelota por debajo de las piernas al portero. Con 0-0 se lleg\u00f3 al descanso y se reinici\u00f3 el juego con dos cambios. Juanma Pons dio entrada a Adri Rosa &#8216;Rolo&#8217; y Antonicelli por Monterde y Fran. <\/p>\n\n\n\n<p>La Grama gan\u00f3 en intensidad, car\u00e1cter, garra y dio un paso adelante para buscar la victoria. Un muy activo Solsona lo prob\u00f3 en dos ocasiones, la primera (51&#8242;) se top\u00f3 con el portero y la segunda la enviar\u00eda cruzada rozando el palo (55&#8242;). Los visitantes se acercaron sin dar trabajo a Guiseris. Y en el minuto 71&#8242; cuando el partido hab\u00eda pasado a ser un vaiv\u00e9n lleg\u00f3 el 1-0.<\/p>\n\n\n\n<p>Adri Rosa recibi\u00f3 en banda izquierda y suyo fue el centro raso fuerte que la defensa por poco sacaba pero Escarrabill llegando desde atr\u00e1s aprovech\u00f3 el rechace para batir al portero. La respuesta del Castelldefels fue inmediata (75&#8242;) y Ferreira dentro del \u00e1rea con todo a favor enviar\u00eda la pelota a las nubes.<\/p>\n\n\n\n<p>La Grama tuvo el segundo en el 80&#8242; con un remate potente de cabeza de Montalb\u00e1n a centro de Peris, el portero evitar\u00eda el segundo y tambi\u00e9n la fortuna le sonreir\u00eda cuando Solsona enviaba rozando el palo su rechace. De aqu\u00ed al final llegar\u00eda el debut en el minuto 86 del juvenil Oliver Acosta y una parada de Guiseris. Los colomenses no sufrieron para llevarse la victoria (1-0).<\/p>\n","protected":false},"excerpt":{"rendered":"<p>Important vict\u00f2ria de la Fundaci\u00f3 Esportiva Grama que suma la desena de la temporada. 1-0 a casa davant una combativa UE Castelldefels per continuar mirant i somiant amb els play-offs. Primers 45 minuts de joc on els dos equips es van buscar sense crear perill. Molt domini de pilota per part de tots dos per\u00f2 [&hellip;]<\/p>\n","protected":false},"author":1,"featured_media":30440,"comment_status":"closed","ping_status":"closed","sticky":false,"template":"","format":"standard","meta":{"footnotes":""},"categories":[5],"tags":[],"class_list":["post-30434","post","type-post","status-publish","format-standard","has-post-thumbnail","hentry","category-primer-equip"],"_links":{"self":[{"href":"http:\/\/fegrama.cat\/web\/wp-json\/wp\/v2\/posts\/30434","targetHints":{"allow":["GET"]}}],"collection":[{"href":"http:\/\/fegrama.cat\/web\/wp-json\/wp\/v2\/posts"}],"about":[{"href":"http:\/\/fegrama.cat\/web\/wp-json\/wp\/v2\/types\/post"}],"author":[{"embeddable":true,"href":"http:\/\/fegrama.cat\/web\/wp-json\/wp\/v2\/users\/1"}],"replies":[{"embeddable":true,"href":"http:\/\/fegrama.cat\/web\/wp-json\/wp\/v2\/comments?post=30434"}],"version-history":[{"count":6,"href":"http:\/\/fegrama.cat\/web\/wp-json\/wp\/v2\/posts\/30434\/revisions"}],"predecessor-version":[{"id":30442,"href":"http:\/\/fegrama.cat\/web\/wp-json\/wp\/v2\/posts\/30434\/revisions\/30442"}],"wp:featuredmedia":[{"embeddable":true,"href":"http:\/\/fegrama.cat\/web\/wp-json\/wp\/v2\/media\/30440"}],"wp:attachment":[{"href":"http:\/\/fegrama.cat\/web\/wp-json\/wp\/v2\/media?parent=30434"}],"wp:term":[{"taxonomy":"category","embeddable":true,"href":"http:\/\/fegrama.cat\/web\/wp-json\/wp\/v2\/categories?post=30434"},{"taxonomy":"post_tag","embeddable":true,"href":"http:\/\/fegrama.cat\/web\/wp-json\/wp\/v2\/tags?post=30434"}],"curies":[{"name":"wp","href":"https:\/\/api.w.org\/{rel}","templated":true}]}}