{"id":30428,"date":"2022-02-27T19:42:02","date_gmt":"2022-02-27T18:42:02","guid":{"rendered":"http:\/\/fegrama.cat\/web\/?p=30428"},"modified":"2022-02-27T19:42:03","modified_gmt":"2022-02-27T18:42:03","slug":"la-grama-dona-la-cara-davant-el-lider-amb-un-home-menys-2-0","status":"publish","type":"post","link":"http:\/\/fegrama.cat\/web\/la-grama-dona-la-cara-davant-el-lider-amb-un-home-menys-2-0\/","title":{"rendered":"La Grama d\u00f3na la cara davant el l\u00edder amb un home menys (2-0)"},"content":{"rendered":"\n<p>La Fundaci\u00f3 Esportiva Grama va caure 2-0 davant de la UE Olot. Els colomencs van ser millors que el l\u00edder, van mer\u00e8ixer m\u00e9s, lluitant fins al final i donant la cara amb un home menys. L&#8217;arbitratge del dia no va ajudar amb una expulsi\u00f3 que va trencar el partit i el diferent criteri per xiular o treure targetes.<\/p>\n\n\n\n<div class=\"wp-block-image\"><figure class=\"aligncenter size-large\"><img loading=\"lazy\" decoding=\"async\" width=\"1024\" height=\"768\" src=\"http:\/\/fegrama.cat\/web\/wp-content\/uploads\/2022\/02\/IMG_20220227_163027-1024x768.jpg\" alt=\"\" class=\"wp-image-30431\" srcset=\"http:\/\/fegrama.cat\/web\/wp-content\/uploads\/2022\/02\/IMG_20220227_163027-1024x768.jpg 1024w, http:\/\/fegrama.cat\/web\/wp-content\/uploads\/2022\/02\/IMG_20220227_163027-300x225.jpg 300w, http:\/\/fegrama.cat\/web\/wp-content\/uploads\/2022\/02\/IMG_20220227_163027-768x576.jpg 768w, http:\/\/fegrama.cat\/web\/wp-content\/uploads\/2022\/02\/IMG_20220227_163027-1536x1152.jpg 1536w, http:\/\/fegrama.cat\/web\/wp-content\/uploads\/2022\/02\/IMG_20220227_163027-2048x1536.jpg 2048w\" sizes=\"auto, (max-width: 1024px) 100vw, 1024px\" \/><\/figure><\/div>\n\n\n\n<p>Va iniciar el xoc millor l&#8217;Olot que als sis minuts s&#8217;avan\u00e7ava al marcador amb un cop de cap de Carles a la sortida d&#8217;un c\u00f3rner. Va costar als de Juanma Pons construir el joc en un primer quart d&#8217;hora de domini vermell.<\/p>\n\n\n\n<p>El punt d&#8217;inflexi\u00f3 blau va arribar quan al 16\u2032 Solsona enviava la pilota al travesser amb un xut amb l&#8217;esquerra. La Grama es va apoderar de la pilota, va comen\u00e7ar a controlar-la i moure-la de banda a banda.<\/p>\n\n\n\n<p>Generant bones oportunitats de gol mentre l&#8217;Olot no era capa\u00e7 de crear perill. Al 21\u2032 Escarrabill en jugada personal es trobava amb el porter i tres minuts despr\u00e9s a Molins se li va anar a prop del pal.<\/p>\n\n\n\n<p>Passada la mitja hora Peris ho provava de lluny i m\u00e9s tard \u00c1ngel estavellava la pilota contra el pal despr\u00e9s d&#8217;una bona jugada d&#8217;Escarrabill. La Grama va mer\u00e8ixer el gol per\u00f2 se&#8217;n va anar amb 1-0 al descans.<\/p>\n\n\n\n<p>A la segona meitat la Grama va tancar al seu camp l&#8217;Olot a la recerca de l&#8217;empat. Al 55\u2032 Fran Hern\u00e1ndez des de lluny va topar amb una gran estirada del porter.<\/p>\n\n\n\n<p>Al minut 59 l&#8217;\u00e0rbitre mostrava la segona groga a Rubi. Una expulsi\u00f3 injusta, una fallada arbitral. El jugador rival relliscava i es colpejava amb la pilota.<\/p>\n\n\n\n<p>Amb un home menys la Grama va lluitar fins al final, donant la cara i fins i tot dominant fins que el desgast i el cansament va arribar. Al 70\u2032 Guiseris amb una gran m\u00e0 evitava el segon i al 85 amb els peus salvava l&#8217;equip en un 1 contra 1.<\/p>\n\n\n\n<p>La Grama va enviar pilotes amunt, buscant alguna oportunitat per aconseguir l&#8217;empat per\u00f2 finalment va arribar el 2-0 en un contraatac (92\u2032). En l&#8217;1 contra 1 aquesta vegada no fallo el pitxitxi de la categoria, Sergi Arranz, la va tocar Guiseris per\u00f2 va acabar a dins.<\/p>\n\n\n\n<div class=\"wp-block-image\"><figure class=\"aligncenter size-large\"><img loading=\"lazy\" decoding=\"async\" width=\"1024\" height=\"683\" src=\"http:\/\/fegrama.cat\/web\/wp-content\/uploads\/2022\/02\/IMG-20220227-WA0039-1024x683.jpg\" alt=\"\" class=\"wp-image-30430\" srcset=\"http:\/\/fegrama.cat\/web\/wp-content\/uploads\/2022\/02\/IMG-20220227-WA0039-1024x683.jpg 1024w, http:\/\/fegrama.cat\/web\/wp-content\/uploads\/2022\/02\/IMG-20220227-WA0039-300x200.jpg 300w, http:\/\/fegrama.cat\/web\/wp-content\/uploads\/2022\/02\/IMG-20220227-WA0039-768x512.jpg 768w, http:\/\/fegrama.cat\/web\/wp-content\/uploads\/2022\/02\/IMG-20220227-WA0039-1536x1025.jpg 1536w, http:\/\/fegrama.cat\/web\/wp-content\/uploads\/2022\/02\/IMG-20220227-WA0039.jpg 2048w\" sizes=\"auto, (max-width: 1024px) 100vw, 1024px\" \/><figcaption>Foto: UE Olot <\/figcaption><\/figure><\/div>\n\n\n\n<p>La Fundaci\u00f3 Esportiva Grama cay\u00f3 2-0 ante la UE Olot. Los colomenses fueron mejores que el l\u00edder, mereci\u00f3 m\u00e1s, luchando hasta el final y dando la cara con un hombre menos. El arbitraje del d\u00eda no ayud\u00f3 con una expulsi\u00f3n que rompi\u00f3 el partido y el diferente criterio para pitar o sacar tarjetas.<\/p>\n\n\n\n<p>Inici\u00f3 el choque mejor el Olot que a los seis minutos se adelantaba en el marcador con un cabezazo de Carlos a la salida de un c\u00f3rner. Le cost\u00f3 a los de Juanma Pons construir el juego en un primer cuarto de hora de dominio rojo. <\/p>\n\n\n\n<p>El punto de inflexi\u00f3n azul\u00f3n lleg\u00f3 cuando en el 16&#8242; Solsona enviaba la pelota al larguero con un zurdazo. La Grama se adue\u00f1\u00f3 del bal\u00f3n, empez\u00f3 a controlarlo y moverlo de lado a lado. <\/p>\n\n\n\n<p>Generando buenas oportunidades de gol mientras el Olot no era capaz de crear peligro. En el 21&#8242; Escarrabill en jugada personal se encontraba con el portero y tres minutos despu\u00e9s a Molins se le fue cerca del palo. <\/p>\n\n\n\n<p>Pasada la media hora Peris lo probaba de lejos y m\u00e1s tarde \u00c1ngel estrellaba la pelota contra el palo tras una buena jugada de Escarrabill. La Grama mereci\u00f3 el gol pero se fue con 1-0 al descanso. <\/p>\n\n\n\n<p>En la segunda mitad la Grama encerr\u00f3 en su campo al Olot en busca del empate. En el 55&#8242; Fran Hern\u00e1ndez desde lejos se top\u00f3 con una gran estirada del portero.<\/p>\n\n\n\n<p>En el minuto 59 el \u00e1rbitro le mostraba la segunda amarilla a Rubi. Una expulsi\u00f3n injusta, un fallo arbitral. El jugador rival resbalaba y se golpeaba con la pelota.<\/p>\n\n\n\n<p>Con un hombre menos la Grama luch\u00f3 hasta el final, dando la cara e incluso dominando hasta que el desgaste y cansancio lleg\u00f3. En el 70&#8242; Guiseris con una gran mano evitaba el segundo y en el 85 con los pies salvaba al equipo en un 1 contra 1.<\/p>\n\n\n\n<p>La Grama envi\u00f3 balones arriba, buscando alguna oportunidad para lograr el empate pero finalmente lleg\u00f3 el 2-0 en un contraataque (92&#8242;). En el 1 contra 1 esta vez no fallo el pichichi de la categor\u00eda, Sergi Arranz, la toc\u00f3 Guiseris pero acab\u00f3 dentro.<\/p>\n","protected":false},"excerpt":{"rendered":"<p>La Fundaci\u00f3 Esportiva Grama va caure 2-0 davant de la UE Olot. Els colomencs van ser millors que el l\u00edder, van mer\u00e8ixer m\u00e9s, lluitant fins al final i donant la cara amb un home menys. L&#8217;arbitratge del dia no va ajudar amb una expulsi\u00f3 que va trencar el partit i el diferent criteri per xiular [&hellip;]<\/p>\n","protected":false},"author":1,"featured_media":30430,"comment_status":"closed","ping_status":"closed","sticky":false,"template":"","format":"standard","meta":{"footnotes":""},"categories":[5],"tags":[],"class_list":["post-30428","post","type-post","status-publish","format-standard","has-post-thumbnail","hentry","category-primer-equip"],"_links":{"self":[{"href":"http:\/\/fegrama.cat\/web\/wp-json\/wp\/v2\/posts\/30428","targetHints":{"allow":["GET"]}}],"collection":[{"href":"http:\/\/fegrama.cat\/web\/wp-json\/wp\/v2\/posts"}],"about":[{"href":"http:\/\/fegrama.cat\/web\/wp-json\/wp\/v2\/types\/post"}],"author":[{"embeddable":true,"href":"http:\/\/fegrama.cat\/web\/wp-json\/wp\/v2\/users\/1"}],"replies":[{"embeddable":true,"href":"http:\/\/fegrama.cat\/web\/wp-json\/wp\/v2\/comments?post=30428"}],"version-history":[{"count":2,"href":"http:\/\/fegrama.cat\/web\/wp-json\/wp\/v2\/posts\/30428\/revisions"}],"predecessor-version":[{"id":30432,"href":"http:\/\/fegrama.cat\/web\/wp-json\/wp\/v2\/posts\/30428\/revisions\/30432"}],"wp:featuredmedia":[{"embeddable":true,"href":"http:\/\/fegrama.cat\/web\/wp-json\/wp\/v2\/media\/30430"}],"wp:attachment":[{"href":"http:\/\/fegrama.cat\/web\/wp-json\/wp\/v2\/media?parent=30428"}],"wp:term":[{"taxonomy":"category","embeddable":true,"href":"http:\/\/fegrama.cat\/web\/wp-json\/wp\/v2\/categories?post=30428"},{"taxonomy":"post_tag","embeddable":true,"href":"http:\/\/fegrama.cat\/web\/wp-json\/wp\/v2\/tags?post=30428"}],"curies":[{"name":"wp","href":"https:\/\/api.w.org\/{rel}","templated":true}]}}