{"id":30422,"date":"2022-02-24T23:22:19","date_gmt":"2022-02-24T22:22:19","guid":{"rendered":"http:\/\/fegrama.cat\/web\/?p=30422"},"modified":"2022-02-24T23:22:20","modified_gmt":"2022-02-24T22:22:20","slug":"tres-punts-i-quarts-1-0","status":"publish","type":"post","link":"http:\/\/fegrama.cat\/web\/tres-punts-i-quarts-1-0\/","title":{"rendered":"Tres punts i quarts!! (1-0)"},"content":{"rendered":"\n<p>Gran vict\u00f2ria del Juvenil A de la Fundaci\u00f3 Esportiva Grama per 1-0 davant de la UE Cornell\u00e0 B en un partit ajornat corresponent a la jornada 17. Tres punts que posen els de Santa Coloma en quarta posici\u00f3, empatats amb el tercer.<\/p>\n\n\n\n<p>Nom\u00e9s port\u00e0vem dos minuts de joc i el conjunt de Manu Pel\u00e1ez ja havia tingut el gol. Dues ocasions seguides de Rub\u00e9n Cifuentes que desgraciadament van acabar en sengles xuts f\u00e0cils per al porter.<\/p>\n\n\n\n<p>Els blaus tornarien a trepitjar \u00e0rea al minut 9 per mitj\u00e0 de Ca\u00f1ete, el jugador va aconseguir colar-se a l&#8217;\u00e0rea i el seu xut creuat va fregar el pal. La Grama tornava a perdonar.<\/p>\n\n\n\n<p>Els colomencs van fer un gran joc, dominant el primer temps i robant moltes pilotes al rival. Al minut 19 Marc Pelaz de falta directa avan\u00e7ava la Grama amb un aut\u00e8ntic gol\u00e0s (1-0).<\/p>\n\n\n\n<div class=\"wp-block-image\"><figure class=\"aligncenter size-large\"><img loading=\"lazy\" decoding=\"async\" width=\"1024\" height=\"768\" src=\"http:\/\/fegrama.cat\/web\/wp-content\/uploads\/2022\/02\/IMG_20220224_200004-1024x768.jpg\" alt=\"\" class=\"wp-image-30425\" srcset=\"http:\/\/fegrama.cat\/web\/wp-content\/uploads\/2022\/02\/IMG_20220224_200004-1024x768.jpg 1024w, http:\/\/fegrama.cat\/web\/wp-content\/uploads\/2022\/02\/IMG_20220224_200004-300x225.jpg 300w, http:\/\/fegrama.cat\/web\/wp-content\/uploads\/2022\/02\/IMG_20220224_200004-768x576.jpg 768w, http:\/\/fegrama.cat\/web\/wp-content\/uploads\/2022\/02\/IMG_20220224_200004-1536x1152.jpg 1536w, http:\/\/fegrama.cat\/web\/wp-content\/uploads\/2022\/02\/IMG_20220224_200004-2048x1536.jpg 2048w\" sizes=\"auto, (max-width: 1024px) 100vw, 1024px\" \/><\/figure><\/div>\n\n\n\n<p>L&#8217;\u00fanica ocasi\u00f3 clara del Cornell\u00e0 arribaria al 35 i sota pals la defensa evitava l&#8217;empat. Amb 1-0 i sense patir es va arribar al descans.<\/p>\n\n\n\n<p>Segona meitat tranquil\u00b7la, la Grama va controlar en tot moment malgrat que els visitants van estirar l\u00ednies a la recerca del gol. Tots dos equips es van acostar a l&#8217;\u00e0rea sense aconseguir crear perill.<\/p>\n\n\n\n<p>Les millors ocasions van arribar entre el minut 70 i 78. El Cornell\u00e0 ho va intentar amb un xut creuat i poc despr\u00e9s (75\u2032) va apar\u00e8ixer Marcos amb una gran parada evitant l&#8217;1-1. L&#8217;\u00faltima ocasi\u00f3 vista al Nou Municipal la va tenir Oliver per\u00f2 el seu xut creuat va sortir fregant el pal.<\/p>\n\n\n\n<p>Per davant quedaven 12 minuts, m\u00e9s els 4 que l&#8217;\u00e0rbitre afegiria l&#8217;\u00e0rbitre, i la Grama va saber jugar per quedar-se els tres punts.<\/p>\n\n\n\n<div class=\"wp-block-image\"><figure class=\"aligncenter size-large\"><img loading=\"lazy\" decoding=\"async\" width=\"1024\" height=\"768\" src=\"http:\/\/fegrama.cat\/web\/wp-content\/uploads\/2022\/02\/IMG_20220224_195942-1024x768.jpg\" alt=\"\" class=\"wp-image-30424\" srcset=\"http:\/\/fegrama.cat\/web\/wp-content\/uploads\/2022\/02\/IMG_20220224_195942-1024x768.jpg 1024w, http:\/\/fegrama.cat\/web\/wp-content\/uploads\/2022\/02\/IMG_20220224_195942-300x225.jpg 300w, http:\/\/fegrama.cat\/web\/wp-content\/uploads\/2022\/02\/IMG_20220224_195942-768x576.jpg 768w, http:\/\/fegrama.cat\/web\/wp-content\/uploads\/2022\/02\/IMG_20220224_195942-1536x1152.jpg 1536w, http:\/\/fegrama.cat\/web\/wp-content\/uploads\/2022\/02\/IMG_20220224_195942-2048x1536.jpg 2048w\" sizes=\"auto, (max-width: 1024px) 100vw, 1024px\" \/><\/figure><\/div>\n\n\n\n<p>Gran victoria del Juvenil A de la Fundaci\u00f3 Esportiva Grama por 1-0 ante la UE Cornell\u00e0 B en un partido aplazado correspondiente a la jornada 17. Tres puntos que ponen a los de Santa Coloma en cuarta posici\u00f3n, empatados con el tercero.<\/p>\n\n\n\n<p>Tan solo llev\u00e1bamos dos minutos de juego y el conjunto de Manu Pel\u00e1ez ya hab\u00eda tenido el gol. Dos ocasiones seguidas de Rub\u00e9n Cifuentes que desgraciadamente acabaron en sendos chutes f\u00e1ciles para el portero.<\/p>\n\n\n\n<p>Los azules volver\u00edan a pisar \u00e1rea en el minuto 9 por medio de Ca\u00f1ete, el jugador logr\u00f3 colarse en el \u00e1rea y su tiro cruzado roz\u00f3 el palo. La Grama volv\u00eda a perdonar.<\/p>\n\n\n\n<p>Los colomenses hicieron un gran juego, dominando el primer tiempo y robando muchos balones al rival. En el minuto 19 Marc Pelaz de falta directa adelantaba a la Grama con un aut\u00e9ntico golazo (1-0).<\/p>\n\n\n\n<p>La \u00fanica ocasi\u00f3n clara del Cornell\u00e0 llegar\u00eda en el 35 y bajo palos la defensa evitaba el empate. Con 1-0 y sin sufrir se lleg\u00f3 al descanso.<\/p>\n\n\n\n<p>Segunda mitad tranquila, la Grama control\u00f3 en todo momento pese a que los visitantes estiraron l\u00edneas en busca del gol. Ambos equipos se acercaron al \u00e1rea sin lograr crear peligro.<\/p>\n\n\n\n<p>Las mejores ocasiones llegaron entre el minuto 70 y 78. El Cornell\u00e0 lo intent\u00f3 con un chut cruzado y poco despu\u00e9s (75&#8242;) apareci\u00f3 Marcos con una gran parada evitando el 1-1. La \u00faltima ocasi\u00f3n vista en el Nou Municipal la tuvo Oliver pero su tiro cruzado sali\u00f3 rozando el palo.<\/p>\n\n\n\n<p>Por delante quedaban 12 minutos, m\u00e1s los 4 que el \u00e1rbitro a\u00f1adir\u00eda el \u00e1rbitro, y la Grama supo jugar para quedarse los tres puntos.<\/p>\n","protected":false},"excerpt":{"rendered":"<p>Gran vict\u00f2ria del Juvenil A de la Fundaci\u00f3 Esportiva Grama per 1-0 davant de la UE Cornell\u00e0 B en un partit ajornat corresponent a la jornada 17. Tres punts que posen els de Santa Coloma en quarta posici\u00f3, empatats amb el tercer. Nom\u00e9s port\u00e0vem dos minuts de joc i el conjunt de Manu Pel\u00e1ez ja [&hellip;]<\/p>\n","protected":false},"author":1,"featured_media":30425,"comment_status":"closed","ping_status":"closed","sticky":false,"template":"","format":"standard","meta":{"footnotes":""},"categories":[4,6],"tags":[],"class_list":["post-30422","post","type-post","status-publish","format-standard","has-post-thumbnail","hentry","category-base-inclusiu","category-juvenils"],"_links":{"self":[{"href":"http:\/\/fegrama.cat\/web\/wp-json\/wp\/v2\/posts\/30422","targetHints":{"allow":["GET"]}}],"collection":[{"href":"http:\/\/fegrama.cat\/web\/wp-json\/wp\/v2\/posts"}],"about":[{"href":"http:\/\/fegrama.cat\/web\/wp-json\/wp\/v2\/types\/post"}],"author":[{"embeddable":true,"href":"http:\/\/fegrama.cat\/web\/wp-json\/wp\/v2\/users\/1"}],"replies":[{"embeddable":true,"href":"http:\/\/fegrama.cat\/web\/wp-json\/wp\/v2\/comments?post=30422"}],"version-history":[{"count":2,"href":"http:\/\/fegrama.cat\/web\/wp-json\/wp\/v2\/posts\/30422\/revisions"}],"predecessor-version":[{"id":30426,"href":"http:\/\/fegrama.cat\/web\/wp-json\/wp\/v2\/posts\/30422\/revisions\/30426"}],"wp:featuredmedia":[{"embeddable":true,"href":"http:\/\/fegrama.cat\/web\/wp-json\/wp\/v2\/media\/30425"}],"wp:attachment":[{"href":"http:\/\/fegrama.cat\/web\/wp-json\/wp\/v2\/media?parent=30422"}],"wp:term":[{"taxonomy":"category","embeddable":true,"href":"http:\/\/fegrama.cat\/web\/wp-json\/wp\/v2\/categories?post=30422"},{"taxonomy":"post_tag","embeddable":true,"href":"http:\/\/fegrama.cat\/web\/wp-json\/wp\/v2\/tags?post=30422"}],"curies":[{"name":"wp","href":"https:\/\/api.w.org\/{rel}","templated":true}]}}