{"id":30414,"date":"2022-02-20T23:02:31","date_gmt":"2022-02-20T22:02:31","guid":{"rendered":"http:\/\/fegrama.cat\/web\/?p=30414"},"modified":"2022-02-20T23:02:32","modified_gmt":"2022-02-20T22:02:32","slug":"croniques-dels-juvenils-b-i-c-amb-una-golejada-del-segon","status":"publish","type":"post","link":"http:\/\/fegrama.cat\/web\/croniques-dels-juvenils-b-i-c-amb-una-golejada-del-segon\/","title":{"rendered":"Cr\u00f2niques dels Juvenils \u00abB\u00bb i \u00abC\u00bb amb una GOLEJADA del segon!"},"content":{"rendered":"\n<p><strong>Monta\u00f1esa 0 &#8211; Juvenil \u201cB\u201d 1<\/strong><\/p>\n\n\n\n<p>Partit fluix de l&#8217;equip que s&#8217;emporta els tres punts despr\u00e9s de que \u00abPapi\u00bb pari un penal a falta de 5 minuts per al final del partit. Un moment que ser\u00e0 recordat per sempre, per aquests nois. Quina emoci\u00f3, quin patiment, un qu\u00e8 de tot, per\u00f2 sobretot\u2026 Quina alegria!<\/p>\n\n\n\n<p>Cal treure conclusions positives del partit, com la vict\u00f2ria, i tractar de gestionar millor els partits a domicili.<\/p>\n\n\n\n<figure class=\"wp-block-gallery columns-1 is-cropped wp-block-gallery-1 is-layout-flex wp-block-gallery-is-layout-flex\"><ul class=\"blocks-gallery-grid\"><li class=\"blocks-gallery-item\"><figure><img loading=\"lazy\" decoding=\"async\" width=\"768\" height=\"1024\" src=\"http:\/\/fegrama.cat\/web\/wp-content\/uploads\/2022\/02\/WhatsApp-Image-2022-02-20-at-6.48.59-PM-768x1024.jpeg\" alt=\"\" data-id=\"30415\" data-full-url=\"http:\/\/fegrama.cat\/web\/wp-content\/uploads\/2022\/02\/WhatsApp-Image-2022-02-20-at-6.48.59-PM.jpeg\" data-link=\"http:\/\/fegrama.cat\/web\/?attachment_id=30415\" class=\"wp-image-30415\" srcset=\"http:\/\/fegrama.cat\/web\/wp-content\/uploads\/2022\/02\/WhatsApp-Image-2022-02-20-at-6.48.59-PM-768x1024.jpeg 768w, http:\/\/fegrama.cat\/web\/wp-content\/uploads\/2022\/02\/WhatsApp-Image-2022-02-20-at-6.48.59-PM-225x300.jpeg 225w, http:\/\/fegrama.cat\/web\/wp-content\/uploads\/2022\/02\/WhatsApp-Image-2022-02-20-at-6.48.59-PM-1152x1536.jpeg 1152w, http:\/\/fegrama.cat\/web\/wp-content\/uploads\/2022\/02\/WhatsApp-Image-2022-02-20-at-6.48.59-PM.jpeg 1536w\" sizes=\"auto, (max-width: 768px) 100vw, 768px\" \/><\/figure><\/li><\/ul><\/figure>\n\n\n\n<p><\/p>\n\n\n\n<hr class=\"wp-block-separator is-style-default\"\/>\n\n\n\n<p><\/p>\n\n\n\n<p><strong>Monta\u00f1esa 0 &#8211; Juvenil \u201cB\u201d 1<\/strong><\/p>\n\n\n\n<p>Partido flojo del equipo que se lleva los tres puntos despu\u00e9s de que \u00abPape\u00bb pare un penalti a falta de 5 minutos para el final del partido. Un momento que ser\u00e1 recordado por siempre jam\u00e1s, por estos chicos. Qu\u00e9 emoci\u00f3n, qu\u00e9 sufrimiento, qu\u00e9 de todo, pero sobre todo\u2026 \u00a1Qu\u00e9 alegr\u00eda!<\/p>\n\n\n\n<p>Hay que sacar conclusiones positivas del partido, como la victoria, y tratar de gestionar mejor los partidos a domicilio.<\/p>\n\n\n\n<p><\/p>\n\n\n\n<p><\/p>\n\n\n\n<hr class=\"wp-block-separator has-text-color has-background has-vivid-cyan-blue-background-color has-vivid-cyan-blue-color is-style-wide\"\/>\n\n\n\n<p><\/p>\n\n\n\n<p><strong>Juvenil \u201cC\u201d 16 &#8211; Veterans de Catalunya 0<\/strong><\/p>\n\n\n\n<p>Disputat el dissabte a la tarda a casa. Els contraris van jugar amb un home menys des del principi directament nom\u00e9s tenien deu (9 m\u00e9s un porter) i era un equip que la nostra Grama sabia que era fluix, un equip per sota en la lliga i l&#8217;important era no baixar la intensitat i no faltar el respecte al rival tractant de fer cadascun la seva jugada i gol.<\/p>\n\n\n\n<p>M\u00e9s enll\u00e0 del resultat l&#8217;entrenador es va quedar amb la serietat i el poder deixar el \u201cego\u201d de costat, tenint capacitat d&#8217;associar-se i trobar gols de tota mena des de transicions, pilotes a l&#8217;esquena, canvis d&#8217;orientaci\u00f3 a un costat amb canvis laterals, etc.<\/p>\n\n\n\n<p>Ha estat un partit una mica \u201cestrany\u201d per\u00f2 cal donar-li m\u00e8rit als jugadors per no haver baixat el ritme i ser humils amb respecte a ells mateixos i al rival donant la seva millor versi\u00f3.<\/p>\n\n\n\n<p><\/p>\n\n\n\n<figure class=\"wp-block-gallery columns-0 is-cropped wp-block-gallery-2 is-layout-flex wp-block-gallery-is-layout-flex\"><ul class=\"blocks-gallery-grid\"><\/ul><\/figure>\n\n\n\n<hr class=\"wp-block-separator is-style-default\"\/>\n\n\n\n<p><\/p>\n\n\n\n<p><strong>Juvenil \u201cC\u201d 16 &#8211; Veterans de Catalunya 0<\/strong><\/p>\n\n\n\n<p>Disputado el s\u00e1bado por la tarde en casa. Los contrarios jugaron con un hombre menos desde el principio&nbsp; directamente s\u00f3lo ten\u00edan diez (9 m\u00e1s un portero) y era un equipo que nuestra Grama sab\u00eda que era flojo, un equipo por debajo en la liga y lo importante era no bajar la intensidad y no faltar el respeto al rival tratando de hacer cada uno su jugada y gol.&nbsp;<\/p>\n\n\n\n<p>M\u00e1s all\u00e1 del resultado el entrenador se qued\u00f3 con la seriedad y el poder dejar el \u201cego\u201d de lado, teniendo capacidad de asociarse y encontrar goles de todo tipo desde transiciones, balones en la espalda, cambios de orientaci\u00f3n a un costado con cambios laterales, etc.<\/p>\n\n\n\n<p>Ha sido un partido un poco \u201cextra\u00f1o\u201d pero hay que darle m\u00e9rito a los jugadores por no haber bajado el ritmo y ser humildes con respeto a ellos mismos y al rival dando su mejor versi\u00f3n.<\/p>\n","protected":false},"excerpt":{"rendered":"<p>Monta\u00f1esa 0 &#8211; Juvenil \u201cB\u201d 1 Partit fluix de l&#8217;equip que s&#8217;emporta els tres punts despr\u00e9s de que \u00abPapi\u00bb pari un penal a falta de 5 minuts per al final del partit. Un moment que ser\u00e0 recordat per sempre, per aquests nois. Quina emoci\u00f3, quin patiment, un qu\u00e8 de tot, per\u00f2 sobretot\u2026 Quina alegria! Cal [&hellip;]<\/p>\n","protected":false},"author":1,"featured_media":30415,"comment_status":"closed","ping_status":"closed","sticky":false,"template":"","format":"standard","meta":{"footnotes":""},"categories":[4,6],"tags":[],"class_list":["post-30414","post","type-post","status-publish","format-standard","has-post-thumbnail","hentry","category-base-inclusiu","category-juvenils"],"_links":{"self":[{"href":"http:\/\/fegrama.cat\/web\/wp-json\/wp\/v2\/posts\/30414","targetHints":{"allow":["GET"]}}],"collection":[{"href":"http:\/\/fegrama.cat\/web\/wp-json\/wp\/v2\/posts"}],"about":[{"href":"http:\/\/fegrama.cat\/web\/wp-json\/wp\/v2\/types\/post"}],"author":[{"embeddable":true,"href":"http:\/\/fegrama.cat\/web\/wp-json\/wp\/v2\/users\/1"}],"replies":[{"embeddable":true,"href":"http:\/\/fegrama.cat\/web\/wp-json\/wp\/v2\/comments?post=30414"}],"version-history":[{"count":1,"href":"http:\/\/fegrama.cat\/web\/wp-json\/wp\/v2\/posts\/30414\/revisions"}],"predecessor-version":[{"id":30416,"href":"http:\/\/fegrama.cat\/web\/wp-json\/wp\/v2\/posts\/30414\/revisions\/30416"}],"wp:featuredmedia":[{"embeddable":true,"href":"http:\/\/fegrama.cat\/web\/wp-json\/wp\/v2\/media\/30415"}],"wp:attachment":[{"href":"http:\/\/fegrama.cat\/web\/wp-json\/wp\/v2\/media?parent=30414"}],"wp:term":[{"taxonomy":"category","embeddable":true,"href":"http:\/\/fegrama.cat\/web\/wp-json\/wp\/v2\/categories?post=30414"},{"taxonomy":"post_tag","embeddable":true,"href":"http:\/\/fegrama.cat\/web\/wp-json\/wp\/v2\/tags?post=30414"}],"curies":[{"name":"wp","href":"https:\/\/api.w.org\/{rel}","templated":true}]}}