{"id":30409,"date":"2022-02-20T21:31:05","date_gmt":"2022-02-20T20:31:05","guid":{"rendered":"http:\/\/fegrama.cat\/web\/?p=30409"},"modified":"2022-02-20T21:31:06","modified_gmt":"2022-02-20T20:31:06","slug":"derrota-per-linfantil-a-contra-leuropa","status":"publish","type":"post","link":"http:\/\/fegrama.cat\/web\/derrota-per-linfantil-a-contra-leuropa\/","title":{"rendered":"Derrota per l&#8217;Infantil \u00abA\u00bb contra l&#8217;Europa!"},"content":{"rendered":"\n<p><strong>Infantil \u201cA\u201d 0 &#8211; Europa 2<\/strong><\/p>\n\n\n\n<p>Partit disputat i amb molta intensitat contra l&#8217;Europa, un rival que es situa en la part de dalt de la classificaci\u00f3. Destacar que el resultat va ser una mica injust despr\u00e9s de les grans ocasions que va generar l&#8217;Infantil \u201cA\u201d , per\u00f2 que aquesta vegada no es van poder materialitzar.<\/p>\n\n\n\n<p>En resum, un altre partit m\u00e9s que aquest equip mereix molt m\u00e9s. Per\u00f2 el futbol a vegades, \u00e9s aix\u00ed d&#8217;injust\u2026 Aix\u00f2 s\u00ed, qui la segueix, l&#8217;aconsegueix. \u00c0nims!<\/p>\n\n\n\n<p><\/p>\n\n\n\n<hr class=\"wp-block-separator is-style-default\"\/>\n\n\n\n<p><\/p>\n\n\n\n<p><strong>Infantil \u201cA\u201d 0 &#8211; Europa 2<\/strong><\/p>\n\n\n\n<p>Partido disputado y con mucha intensidad contra el Europa, un rival que se sit\u00faa en la parte de arriba de la clasificaci\u00f3n. Destacar que el resultado fue un poco injusto tras las grandes ocasiones que gener\u00f3 el Infantil \u201cA\u201d , pero que esta vez no se pudieron materializar.<\/p>\n\n\n\n<p>En resumen, otro partido m\u00e1s que este equipo merece mucho m\u00e1s. Pero el f\u00fatbol a veces, es as\u00ed de injusto\u2026 Eso s\u00ed, quien la sigue, la consigue. \u00a1\u00c1nimo!<\/p>\n","protected":false},"excerpt":{"rendered":"<p>Infantil \u201cA\u201d 0 &#8211; Europa 2 Partit disputat i amb molta intensitat contra l&#8217;Europa, un rival que es situa en la part de dalt de la classificaci\u00f3. Destacar que el resultat va ser una mica injust despr\u00e9s de les grans ocasions que va generar l&#8217;Infantil \u201cA\u201d , per\u00f2 que aquesta vegada no es van poder [&hellip;]<\/p>\n","protected":false},"author":1,"featured_media":30151,"comment_status":"closed","ping_status":"closed","sticky":false,"template":"","format":"standard","meta":{"footnotes":""},"categories":[4,9],"tags":[],"class_list":["post-30409","post","type-post","status-publish","format-standard","has-post-thumbnail","hentry","category-base-inclusiu","category-infantils"],"_links":{"self":[{"href":"http:\/\/fegrama.cat\/web\/wp-json\/wp\/v2\/posts\/30409","targetHints":{"allow":["GET"]}}],"collection":[{"href":"http:\/\/fegrama.cat\/web\/wp-json\/wp\/v2\/posts"}],"about":[{"href":"http:\/\/fegrama.cat\/web\/wp-json\/wp\/v2\/types\/post"}],"author":[{"embeddable":true,"href":"http:\/\/fegrama.cat\/web\/wp-json\/wp\/v2\/users\/1"}],"replies":[{"embeddable":true,"href":"http:\/\/fegrama.cat\/web\/wp-json\/wp\/v2\/comments?post=30409"}],"version-history":[{"count":1,"href":"http:\/\/fegrama.cat\/web\/wp-json\/wp\/v2\/posts\/30409\/revisions"}],"predecessor-version":[{"id":30410,"href":"http:\/\/fegrama.cat\/web\/wp-json\/wp\/v2\/posts\/30409\/revisions\/30410"}],"wp:featuredmedia":[{"embeddable":true,"href":"http:\/\/fegrama.cat\/web\/wp-json\/wp\/v2\/media\/30151"}],"wp:attachment":[{"href":"http:\/\/fegrama.cat\/web\/wp-json\/wp\/v2\/media?parent=30409"}],"wp:term":[{"taxonomy":"category","embeddable":true,"href":"http:\/\/fegrama.cat\/web\/wp-json\/wp\/v2\/categories?post=30409"},{"taxonomy":"post_tag","embeddable":true,"href":"http:\/\/fegrama.cat\/web\/wp-json\/wp\/v2\/tags?post=30409"}],"curies":[{"name":"wp","href":"https:\/\/api.w.org\/{rel}","templated":true}]}}