{"id":30399,"date":"2022-02-20T21:16:36","date_gmt":"2022-02-20T20:16:36","guid":{"rendered":"http:\/\/fegrama.cat\/web\/?p=30399"},"modified":"2022-02-20T21:16:37","modified_gmt":"2022-02-20T20:16:37","slug":"derrota-del-benjami-d-en-un-partit-molt-intens","status":"publish","type":"post","link":"http:\/\/fegrama.cat\/web\/derrota-del-benjami-d-en-un-partit-molt-intens\/","title":{"rendered":"Derrota del Benjam\u00ed \u00abD\u00bb en un partit MOLT INTENS."},"content":{"rendered":"\n<p><strong>Benjam\u00ed \u201cD\u201d 1 &#8211; Vila Ol\u00edmpica 5<\/strong><\/p>\n\n\n\n<p>Partit molt intens i igualat malgrat l&#8217;inflat del resultat final. El nostre benjam\u00ed va comen\u00e7ar molt ben posicionat, concentrat i amb molta intensitat en el joc.<\/p>\n\n\n\n<p>En el primer temps, La Grama va ser superior i es van avan\u00e7ar en el marcador. Per\u00f2 en finalitzar la segona habitaci\u00f3 justa en l&#8217;\u00faltim minut, abans d&#8217;anar-nos al descans, un c\u00f3rner en contra i una jugada embrollada en l&#8217;\u00e0rea azulona suposa l&#8217;empat per a l&#8217;equip rival. Aquesta jugada va ser molt protestada, ja que el porter i el central van quedar tombats en el s\u00f2l, per\u00f2 l&#8217;\u00e0rbitre va donar el gol per v\u00e0lid per a l&#8217;equip visitant, malgrat la falta que es va produir de manera clara.<\/p>\n\n\n\n<p>Una vegada iniciats els altres quarts, i amb empat en el marcador, l&#8217;equip rival posa l&#8217;1 a 2 en el marcador.<\/p>\n\n\n\n<p>A partir d&#8217;aqu\u00ed els nostres guerrers van tirar m\u00e9s de cor que de cap, els va poder la casta. Atacaven, per\u00f2 no aprofitaven la superioritat en atac. En canvi el rival, aprofitava tots els contraatacs amb velocitat en el joc. Al final del partit amb escassetat de for\u00e7a, el rival m\u00e9s sencer aprofitava les seves oportunitats per a fer el definitiu 1 a 5.<\/p>\n\n\n\n<p><\/p>\n\n\n\n<hr class=\"wp-block-separator\"\/>\n\n\n\n<p><\/p>\n\n\n\n<p><strong>Benjam\u00edn \u201cD\u201d 1 &#8211; Vila Ol\u00edmpica 5<\/strong><\/p>\n\n\n\n<p>Partido muy intenso e igualado pese a lo abultado del resultado final. Nuestro benjam\u00edn empez\u00f3 muy bien posicionado, concentrado y con mucha intensidad en el juego.<\/p>\n\n\n\n<p>En el primer tiempo, La Grama fue superior y se avanzaron en el marcador. Pero al finalizar el segundo cuarto justo en el \u00faltimo minuto, antes de irnos al descanso, un c\u00f3rner en contra y una jugada embarullada en el \u00e1rea azulona supone el empate para el equipo rival. Esta jugada fue muy protestada, ya que el portero y el central quedaron tumbados en el suelo, pero el \u00e1rbitro dio el gol por v\u00e1lido para el equipo visitante, pese a la falta que se produjo de forma clara.<\/p>\n\n\n\n<p>Una vez iniciados los otros cuartos, y con empate en el marcador, el equipo rival pone el 1 a 2 en el marcador.&nbsp;<\/p>\n\n\n\n<p>A partir de ah\u00ed nuestros guerreros tiraron m\u00e1s de coraz\u00f3n que de cabeza, les pudo la casta. Atacaban, pero no&nbsp; aprovechaban la superioridad en ataque. En cambio el rival, aprovechaba todos los contraataques con velocidad en el juego. Al final del partido con escasez de fuerza, el rival m\u00e1s entero aprovechaba sus oportunidades para hacer el definitivo 1 a 5.<\/p>\n","protected":false},"excerpt":{"rendered":"<p>Benjam\u00ed \u201cD\u201d 1 &#8211; Vila Ol\u00edmpica 5 Partit molt intens i igualat malgrat l&#8217;inflat del resultat final. El nostre benjam\u00ed va comen\u00e7ar molt ben posicionat, concentrat i amb molta intensitat en el joc. En el primer temps, La Grama va ser superior i es van avan\u00e7ar en el marcador. Per\u00f2 en finalitzar la segona habitaci\u00f3 [&hellip;]<\/p>\n","protected":false},"author":1,"featured_media":30400,"comment_status":"closed","ping_status":"closed","sticky":false,"template":"","format":"standard","meta":{"footnotes":""},"categories":[4,11],"tags":[],"class_list":["post-30399","post","type-post","status-publish","format-standard","has-post-thumbnail","hentry","category-base-inclusiu","category-benjamins"],"_links":{"self":[{"href":"http:\/\/fegrama.cat\/web\/wp-json\/wp\/v2\/posts\/30399","targetHints":{"allow":["GET"]}}],"collection":[{"href":"http:\/\/fegrama.cat\/web\/wp-json\/wp\/v2\/posts"}],"about":[{"href":"http:\/\/fegrama.cat\/web\/wp-json\/wp\/v2\/types\/post"}],"author":[{"embeddable":true,"href":"http:\/\/fegrama.cat\/web\/wp-json\/wp\/v2\/users\/1"}],"replies":[{"embeddable":true,"href":"http:\/\/fegrama.cat\/web\/wp-json\/wp\/v2\/comments?post=30399"}],"version-history":[{"count":1,"href":"http:\/\/fegrama.cat\/web\/wp-json\/wp\/v2\/posts\/30399\/revisions"}],"predecessor-version":[{"id":30401,"href":"http:\/\/fegrama.cat\/web\/wp-json\/wp\/v2\/posts\/30399\/revisions\/30401"}],"wp:featuredmedia":[{"embeddable":true,"href":"http:\/\/fegrama.cat\/web\/wp-json\/wp\/v2\/media\/30400"}],"wp:attachment":[{"href":"http:\/\/fegrama.cat\/web\/wp-json\/wp\/v2\/media?parent=30399"}],"wp:term":[{"taxonomy":"category","embeddable":true,"href":"http:\/\/fegrama.cat\/web\/wp-json\/wp\/v2\/categories?post=30399"},{"taxonomy":"post_tag","embeddable":true,"href":"http:\/\/fegrama.cat\/web\/wp-json\/wp\/v2\/tags?post=30399"}],"curies":[{"name":"wp","href":"https:\/\/api.w.org\/{rel}","templated":true}]}}