{"id":30395,"date":"2022-02-20T21:07:05","date_gmt":"2022-02-20T20:07:05","guid":{"rendered":"http:\/\/fegrama.cat\/web\/?p=30395"},"modified":"2022-02-20T21:07:06","modified_gmt":"2022-02-20T20:07:06","slug":"els-petits-continuen-sent-els-mes-grans","status":"publish","type":"post","link":"http:\/\/fegrama.cat\/web\/els-petits-continuen-sent-els-mes-grans\/","title":{"rendered":"Els petits continuen sent els m\u00e9s GRANS!"},"content":{"rendered":"\n<p>El passat cap de setmana, els m\u00e9s petitons de la Grama van jugar fora de casa. Tant l&#8217;Escola \u00abA\u00bb com l&#8217;Escola \u00abB\u00bb van haver de despla\u00e7ar-se, per\u00f2 aix\u00f2 no els va impedir guanyar. Els nostres petits sempre demostren GRANS valors HUMANS, aix\u00f2 es nota en el respecte cap a l&#8217;\u00e0rbitre, en el joc net contra el rival, la solidaritat&nbsp;i en la GRAN companyonia que desprenen.<\/p>\n\n\n\n<p>Els dos partits de l&#8217;escola, van ser molt entretinguts i es va poder jugar b\u00e9. Tornar a remarcar el gran creixement constant dels nostres petits talents i la import\u00e0ncia que aix\u00f2 t\u00e9 de cara al futur.<\/p>\n\n\n\n<p>Els resultats van ser:<br>Muntanyesa 1 &#8211; Escola \u00abA\u00bb 2<br>Vila Verda P. 0 &#8211; Escola \u00abB\u00bb 2<\/p>\n\n\n\n<p>A seguir amb aquesta din\u00e0mica!<\/p>\n\n\n\n<hr class=\"wp-block-separator\"\/>\n\n\n\n<p><\/p>\n\n\n\n<p>El pasado fin de semana, los m\u00e1s peque\u00f1itos de la Grama jugaron fuera de casa. Tanto la Escuela \u201cA\u201d como la Escuela \u201cB\u201d tuvieron que desplazarse, pero eso no les impidi\u00f3 ganar. Nuestros peque\u00f1os siempre demuestran GRANDES valores HUMANOS, esto se nota en el respeto hacia el \u00e1rbitro, en el juego limpio contra el rival, el solidarismo y en el GRAN compa\u00f1erismo que desprenden.\u00a0<\/p>\n\n\n\n<p>Los dos partidos de la escuelita, fueron muy entretenidos y se pudo jugar bien. Volver a remarcar el gran crecimiento constante de nuestros peque\u00f1os talentos y la importancia que esto tiene de cara al futuro.\u00a0<\/p>\n\n\n\n<p>Los resultados fueron:\u00a0<br>Monta\u00f1esa 1 &#8211; Escuela \u201cA\u201d 2<br>Villa Verde P. 0 &#8211; Escuela \u201cB\u201d 2<\/p>\n\n\n\n<p>\u00a1A seguir con esta din\u00e1mica!<\/p>\n","protected":false},"excerpt":{"rendered":"<p>El passat cap de setmana, els m\u00e9s petitons de la Grama van jugar fora de casa. Tant l&#8217;Escola \u00abA\u00bb com l&#8217;Escola \u00abB\u00bb van haver de despla\u00e7ar-se, per\u00f2 aix\u00f2 no els va impedir guanyar. Els nostres petits sempre demostren GRANS valors HUMANS, aix\u00f2 es nota en el respecte cap a l&#8217;\u00e0rbitre, en el joc net contra [&hellip;]<\/p>\n","protected":false},"author":1,"featured_media":0,"comment_status":"closed","ping_status":"closed","sticky":false,"template":"","format":"standard","meta":{"footnotes":""},"categories":[33],"tags":[],"class_list":["post-30395","post","type-post","status-publish","format-standard","hentry","category-escola-diari-feg"],"_links":{"self":[{"href":"http:\/\/fegrama.cat\/web\/wp-json\/wp\/v2\/posts\/30395","targetHints":{"allow":["GET"]}}],"collection":[{"href":"http:\/\/fegrama.cat\/web\/wp-json\/wp\/v2\/posts"}],"about":[{"href":"http:\/\/fegrama.cat\/web\/wp-json\/wp\/v2\/types\/post"}],"author":[{"embeddable":true,"href":"http:\/\/fegrama.cat\/web\/wp-json\/wp\/v2\/users\/1"}],"replies":[{"embeddable":true,"href":"http:\/\/fegrama.cat\/web\/wp-json\/wp\/v2\/comments?post=30395"}],"version-history":[{"count":1,"href":"http:\/\/fegrama.cat\/web\/wp-json\/wp\/v2\/posts\/30395\/revisions"}],"predecessor-version":[{"id":30396,"href":"http:\/\/fegrama.cat\/web\/wp-json\/wp\/v2\/posts\/30395\/revisions\/30396"}],"wp:attachment":[{"href":"http:\/\/fegrama.cat\/web\/wp-json\/wp\/v2\/media?parent=30395"}],"wp:term":[{"taxonomy":"category","embeddable":true,"href":"http:\/\/fegrama.cat\/web\/wp-json\/wp\/v2\/categories?post=30395"},{"taxonomy":"post_tag","embeddable":true,"href":"http:\/\/fegrama.cat\/web\/wp-json\/wp\/v2\/tags?post=30395"}],"curies":[{"name":"wp","href":"https:\/\/api.w.org\/{rel}","templated":true}]}}