{"id":30381,"date":"2022-02-20T17:51:13","date_gmt":"2022-02-20T16:51:13","guid":{"rendered":"http:\/\/fegrama.cat\/web\/?p=30381"},"modified":"2022-02-20T17:51:13","modified_gmt":"2022-02-20T16:51:13","slug":"primera-derrota-a-santa-coloma-0-1","status":"publish","type":"post","link":"http:\/\/fegrama.cat\/web\/primera-derrota-a-santa-coloma-0-1\/","title":{"rendered":"Primera derrota a Santa Coloma (0-1)"},"content":{"rendered":"\n<div class=\"wp-block-image\"><figure class=\"aligncenter size-large\"><img loading=\"lazy\" decoding=\"async\" width=\"1024\" height=\"683\" src=\"https:\/\/fegrama.cat\/web\/wp-content\/uploads\/2022\/02\/lgtbigrama-1024x683.jpg\" alt=\"\" class=\"wp-image-30392\" srcset=\"http:\/\/fegrama.cat\/web\/wp-content\/uploads\/2022\/02\/lgtbigrama-1024x683.jpg 1024w, http:\/\/fegrama.cat\/web\/wp-content\/uploads\/2022\/02\/lgtbigrama-300x200.jpg 300w, http:\/\/fegrama.cat\/web\/wp-content\/uploads\/2022\/02\/lgtbigrama-768x512.jpg 768w, http:\/\/fegrama.cat\/web\/wp-content\/uploads\/2022\/02\/lgtbigrama-1536x1024.jpg 1536w, http:\/\/fegrama.cat\/web\/wp-content\/uploads\/2022\/02\/lgtbigrama-2048x1365.jpg 2048w\" sizes=\"auto, (max-width: 1024px) 100vw, 1024px\" \/><figcaption>Abans de l&#8217;inici Xavi Villena, president d&#8217;Entenem LGTBI Santa Coloma, va fer entrega del bra\u00e7alet amb els colors de l&#8217;arc de Sant Mart\u00ed al capit\u00e0 Roger Peris.<\/figcaption><\/figure><\/div>\n\n\n\n<p>La Fundaci\u00f3 Esportiva Grama va encaixar la primera derrota de la temporada a casa despr\u00e9s de caure 0-1 davant de la UE Vilassar de Mar. Bon joc el desplegat pel conjunt de Juanma Pons per\u00f2 sense definici\u00f3. La Grama queda vuitena a 4 punts del play-off d&#8217;ascens.<\/p>\n\n\n\n<p>Va comen\u00e7ar millor el Vilassar per\u00f2 va ser la Grama qui va avisar amb una centrada-xut d&#8217;Escarrabill al minut 5 que es va perdre pel costat esquerre de la porteria. Primera meitat de pur presa i arronsa, els dos equips es van atacar i ens van deixar un vist\u00f3s partit.<\/p>\n\n\n\n<p>La Grama va combinar amb velocitat, desplegant un bon joc de passades de banda a banda per trobar els buits al rival. Al quart d&#8217;hora Solsona va provar de cap i poc despr\u00e9s arribaria la resposta dels visitants trobant-se amb un estel\u00b7lar Guiseris. De nou el porter colomenc apareixeria al 25 responent a un xut ras i centrat.<\/p>\n\n\n\n<p>Abans de la mitja hora de joc la Grama va tenir el gol. Escarrabill va rebre dins de l&#8217;\u00e0rea despr\u00e9s d&#8217;una bona passada d&#8217;\u00c1ngel per\u00f2 ho va desaprofitar. Va ser la m\u00e9s clara del primer temps, al descans es va arribar sense gols. Despr\u00e9s del pas per vestuaris la Grama va prendre m\u00e9s encara el comandament del xoc.<\/p>\n\n\n\n<div class=\"wp-block-image\"><figure class=\"aligncenter size-large\"><img loading=\"lazy\" decoding=\"async\" width=\"1024\" height=\"683\" src=\"https:\/\/fegrama.cat\/web\/wp-content\/uploads\/2022\/02\/gramavila-1024x683.jpg\" alt=\"\" class=\"wp-image-30390\" srcset=\"http:\/\/fegrama.cat\/web\/wp-content\/uploads\/2022\/02\/gramavila-1024x683.jpg 1024w, http:\/\/fegrama.cat\/web\/wp-content\/uploads\/2022\/02\/gramavila-300x200.jpg 300w, http:\/\/fegrama.cat\/web\/wp-content\/uploads\/2022\/02\/gramavila-768x512.jpg 768w, http:\/\/fegrama.cat\/web\/wp-content\/uploads\/2022\/02\/gramavila-1536x1024.jpg 1536w, http:\/\/fegrama.cat\/web\/wp-content\/uploads\/2022\/02\/gramavila-2048x1365.jpg 2048w\" sizes=\"auto, (max-width: 1024px) 100vw, 1024px\" \/><\/figure><\/div>\n\n\n\n<p>La Grama les va tenir de tots colors. Montalb\u00e1n de volea dins de l&#8217;\u00e0rea es va trobar amb una parada del porter rival, al c\u00f3rner Peris gaireb\u00e9 aconsegueix un gol ol\u00edmpic i dos minuts m\u00e9s tard el capit\u00e0 estavellava una pilota al pal. La Grama les va tenir i de nou el Vilassar va respondre, primer Monterde sota pals salvava el gol i despr\u00e9s Adrien evitava una rematada a boca de can\u00f3.<\/p>\n\n\n\n<p>L&#8217;entrada de Fran al 65 va estar a punt de ser amb gol. Sorprenent a tots els defensors va llan\u00e7ar una falta rasa en profunditat perqu\u00e8 Escarrabill dins de l&#8217;\u00e0rea nom\u00e9s hagu\u00e9s d&#8217;afusellar el porter, per\u00f2 fallaria la millor ocasi\u00f3 del xoc amb un xut f\u00e0cil per al porter.<\/p>\n\n\n\n<p>Semblava m\u00e9s a prop el gol local per\u00f2 no podien relaxar-se, Guiseris tornaria a apar\u00e8ixer al 67. La resposta de la Grama immediata amb una internada a l&#8217;\u00e0rea de Rubi que acabaria en c\u00f3rner. Desgraciadament al minut 76 despr\u00e9s d&#8217;una p\u00e8rdua de pilota al migcamp el Vilassar va muntar un contraatac en pocs tocs, i una centrada al segon pal seria rematada de cap per Granero, lliure de marca, per posar el 0-1.<\/p>\n\n\n\n<p>D&#8217;aqu\u00ed al final la Grama ho va intentar sense crear excessiu perill al rival. De les poques ocasions destacades seria un intent d&#8217;Uri G\u00f3mez al 90, un xut mans per al porter.<\/p>\n\n\n\n<p><strong>Fitxa t\u00e8cnica:<\/strong><\/p>\n\n\n\n<p><strong>FE Grama:<\/strong>&nbsp;Guiseris (P), Rubi, Akrong, Adrien, Molins (Uri G\u00f3mez, 80&#8242;), Montalb\u00e1n, Peris (Antonicelli, 80&#8242;), \u00c1ngel (Fran Hern\u00e1ndez, 63&#8242;), Solsona, Escarrabill i Monterde.<\/p>\n\n\n\n<p><strong>UE Vilassar de Mar:&nbsp;<\/strong>Andr\u00e9s (P), Eric Ru\u00edz, \u00d1ito, Galeano, \u00c1ngel (Hicham, 82&#8242;), Granero, Sofiane (Marc R\u00edo, 72&#8242;), Ali (Gonpi, 57&#8242;), Dani Ru\u00b4\u00edz (Pime, 57&#8242;), Alberto Garc\u00eda i Aleix.<\/p>\n\n\n\n<p><strong>Gol:&nbsp;<\/strong>1-0 Granero, min.76.<\/p>\n\n\n\n<p><strong>\u00c0rbitre:&nbsp;<\/strong>Pol Arenas (Comit\u00e8 Figueres). Va amonestar al local Adrien, i als visitants Galeano, Gonpi i Pime.<\/p>\n\n\n\n<p><strong><a rel=\"noreferrer noopener\" href=\"https:\/\/www.fcf.cat\/classificacio\/2022\/futbol-11\/tercera-division-rfef\/grup-v\" target=\"_blank\">CLASSIFICACI\u00d3<\/a><\/strong><\/p>\n\n\n\n<div class=\"wp-block-image\"><figure class=\"aligncenter size-large\"><img loading=\"lazy\" decoding=\"async\" width=\"1024\" height=\"683\" src=\"https:\/\/fegrama.cat\/web\/wp-content\/uploads\/2022\/02\/gramavila2-1024x683.jpg\" alt=\"\" class=\"wp-image-30391\" srcset=\"http:\/\/fegrama.cat\/web\/wp-content\/uploads\/2022\/02\/gramavila2-1024x683.jpg 1024w, http:\/\/fegrama.cat\/web\/wp-content\/uploads\/2022\/02\/gramavila2-300x200.jpg 300w, http:\/\/fegrama.cat\/web\/wp-content\/uploads\/2022\/02\/gramavila2-768x512.jpg 768w, http:\/\/fegrama.cat\/web\/wp-content\/uploads\/2022\/02\/gramavila2-1536x1024.jpg 1536w, http:\/\/fegrama.cat\/web\/wp-content\/uploads\/2022\/02\/gramavila2-2048x1365.jpg 2048w\" sizes=\"auto, (max-width: 1024px) 100vw, 1024px\" \/><\/figure><\/div>\n\n\n\n<p>La Fundaci\u00f3 Esportiva Grama encaj\u00f3 la primera derrota de la temporada en casa tras caer 0-1 ante la UE Vilassar de Mar. Buen juego el desplegado por el conjunto de Juanma Pons pero sin definici\u00f3n. La Grama se queda octava a 4 puntos del play-off de ascenso.<\/p>\n\n\n\n<p>Comenz\u00f3 mejor el Vilassar pero fue la Grama quien avis\u00f3 con un centro-chut de Escarrabill en el minuto 5 que se perdi\u00f3 por el lado izquierdo de la porter\u00eda.  Primera mitad de puro toma y daca, los dos equipos se atacaron y nos dejaron un vistoso encuentro. <\/p>\n\n\n\n<p>La Grama combin\u00f3 con velocidad, desplegando un buen juego de pases de lado a lado para encontrar los huecos al rival. Al cuarto de hora Solsona prob\u00f3 de cabeza y poco despu\u00e9s llegar\u00eda la respuesta de los visitantes encontr\u00e1ndose con un estelar Guiseris. De nuevo el portero colomense aparecer\u00eda en el 25 respondiendo a un tiro raso y centrado.<\/p>\n\n\n\n<p>Antes de la media hora de juego la Grama tuvo el gol. Escarrabill recibi\u00f3 dentro del \u00e1rea tras un buen pase de \u00c1ngel pero lo desaprovech\u00f3. La m\u00e1s clara del primer tiempo, al descanso se lleg\u00f3 sin goles. Tras el paso por vestuarios la Grama tom\u00f3 m\u00e1s todav\u00eda el mando del choque.<\/p>\n\n\n\n<p>La Grama las tuvo de todos los colores. Montalb\u00e1n de volea dentro del \u00e1rea se encontr\u00f3 con un parad\u00f3n del portero rival, en el c\u00f3rner Peris casi logra un gol ol\u00edmpico y dos minutos m\u00e1s tarde el capit\u00e1n estrellaba una pelota en el palo. La Grama las tuvo y de nuevo el Vilassar respondi\u00f3, primero Monterde bajo palos salvaba el gol y despu\u00e9s Adrien evitaba un remate a bocajarro.<\/p>\n\n\n\n<p>La entrada de Fran en el 65 estuvo a punto de ser con gol. Sorprendiendo a todos los defensores lanz\u00f3 una falta rasa en profundidad para que Escarrabill dentro del \u00e1rea solamente tuviera que fusilar al portero, pero fallar\u00eda la mejor ocasi\u00f3n del choque con un disparo f\u00e1cil para el portero.<\/p>\n\n\n\n<p>Parec\u00eda m\u00e1s cerca el gol local pero no pod\u00edan relajarse, Guiseris volver\u00eda a aparecer en el 67. La respuesta de la Grama inmediata con una internada al \u00e1rea de Rubi que acabar\u00eda en c\u00f3rner. Desgraciadamente en el minuto 76 tras una perdida de bal\u00f3n en el centro del campo el Vilassar mont\u00f3 un contraataque en pocos toques, y un un centro al segundo palo ser\u00eda rematado de cabeza por Granero libre de marca para poner el 0-1.<\/p>\n\n\n\n<p>De aqu\u00ed al final la Grama lo intent\u00f3 sin crear excesivo peligro al rival. De las pocas ocasiones destacadas seria un intento de Uri G\u00f3mez en el 90, un chut manso para el portero. <\/p>\n","protected":false},"excerpt":{"rendered":"<p>La Fundaci\u00f3 Esportiva Grama va encaixar la primera derrota de la temporada a casa despr\u00e9s de caure 0-1 davant de la UE Vilassar de Mar. Bon joc el desplegat pel conjunt de Juanma Pons per\u00f2 sense definici\u00f3. La Grama queda vuitena a 4 punts del play-off d&#8217;ascens. Va comen\u00e7ar millor el Vilassar per\u00f2 va ser [&hellip;]<\/p>\n","protected":false},"author":1,"featured_media":30391,"comment_status":"closed","ping_status":"closed","sticky":false,"template":"","format":"standard","meta":{"footnotes":""},"categories":[5],"tags":[],"class_list":["post-30381","post","type-post","status-publish","format-standard","has-post-thumbnail","hentry","category-primer-equip"],"_links":{"self":[{"href":"http:\/\/fegrama.cat\/web\/wp-json\/wp\/v2\/posts\/30381","targetHints":{"allow":["GET"]}}],"collection":[{"href":"http:\/\/fegrama.cat\/web\/wp-json\/wp\/v2\/posts"}],"about":[{"href":"http:\/\/fegrama.cat\/web\/wp-json\/wp\/v2\/types\/post"}],"author":[{"embeddable":true,"href":"http:\/\/fegrama.cat\/web\/wp-json\/wp\/v2\/users\/1"}],"replies":[{"embeddable":true,"href":"http:\/\/fegrama.cat\/web\/wp-json\/wp\/v2\/comments?post=30381"}],"version-history":[{"count":5,"href":"http:\/\/fegrama.cat\/web\/wp-json\/wp\/v2\/posts\/30381\/revisions"}],"predecessor-version":[{"id":30393,"href":"http:\/\/fegrama.cat\/web\/wp-json\/wp\/v2\/posts\/30381\/revisions\/30393"}],"wp:featuredmedia":[{"embeddable":true,"href":"http:\/\/fegrama.cat\/web\/wp-json\/wp\/v2\/media\/30391"}],"wp:attachment":[{"href":"http:\/\/fegrama.cat\/web\/wp-json\/wp\/v2\/media?parent=30381"}],"wp:term":[{"taxonomy":"category","embeddable":true,"href":"http:\/\/fegrama.cat\/web\/wp-json\/wp\/v2\/categories?post=30381"},{"taxonomy":"post_tag","embeddable":true,"href":"http:\/\/fegrama.cat\/web\/wp-json\/wp\/v2\/tags?post=30381"}],"curies":[{"name":"wp","href":"https:\/\/api.w.org\/{rel}","templated":true}]}}