{"id":30377,"date":"2022-02-19T09:42:08","date_gmt":"2022-02-19T08:42:08","guid":{"rendered":"http:\/\/fegrama.cat\/web\/?p=30377"},"modified":"2022-02-19T09:42:09","modified_gmt":"2022-02-19T08:42:09","slug":"primera-derrota-dels-inclusius","status":"publish","type":"post","link":"http:\/\/fegrama.cat\/web\/primera-derrota-dels-inclusius\/","title":{"rendered":"Primera derrota dels Inclusius"},"content":{"rendered":"\n<p>El nostre equip Inclusiu va disputar el seu corresponent partit de lliga aquest divendres al pavell\u00f3 La Bastida contra el Manresa encaixant la primera derrota de la temporada (2-4).<\/p>\n\n\n\n<p>Al final dels 20 primers minuts ja anaven a remolc per 0-2. A la represa els jugadors de la Grama van reaccionar empatant amb dos gols de Rafael Rojano.<\/p>\n\n\n\n<p>Despr\u00e9s de diversos minuts d&#8217;igualtat al marcador va arribar el tercer gol visitant. El definitiu 2-4 arribaria faltant tres minuts per a la conclusi\u00f3, fent impossible la remuntada.<\/p>\n\n\n\n<div class=\"wp-block-image\"><figure class=\"aligncenter size-large\"><img loading=\"lazy\" decoding=\"async\" width=\"1024\" height=\"607\" src=\"https:\/\/fegrama.cat\/web\/wp-content\/uploads\/2022\/02\/INCLUSIU022022-1024x607.jpeg\" alt=\"\" class=\"wp-image-30378\" srcset=\"http:\/\/fegrama.cat\/web\/wp-content\/uploads\/2022\/02\/INCLUSIU022022-1024x607.jpeg 1024w, http:\/\/fegrama.cat\/web\/wp-content\/uploads\/2022\/02\/INCLUSIU022022-300x178.jpeg 300w, http:\/\/fegrama.cat\/web\/wp-content\/uploads\/2022\/02\/INCLUSIU022022-768x456.jpeg 768w, http:\/\/fegrama.cat\/web\/wp-content\/uploads\/2022\/02\/INCLUSIU022022-1536x911.jpeg 1536w, http:\/\/fegrama.cat\/web\/wp-content\/uploads\/2022\/02\/INCLUSIU022022.jpeg 1681w\" sizes=\"auto, (max-width: 1024px) 100vw, 1024px\" \/><\/figure><\/div>\n\n\n\n<p>Nuestro equipo inclusivo disput\u00f3 su correspondiente partido de liga este viernes en el pabell\u00f3n La Bastida contra el Manresa encajando la primera derrota de la temporada (2-4).<\/p>\n\n\n\n<p>Al final de los 20 primeros minutos ya iban a remolque por 0-2. En la reanudaci\u00f3n los jugadores de la Grama reaccionaron empatando con dos goles de Rafael Rojano.<\/p>\n\n\n\n<p>Tras varios minutos de igualdad en el marcador lleg\u00f3 el tercer gol visitante. El definitivo 2-4 llegar\u00eda faltando tres minutos para la conclusi\u00f3n, haciendo imposible la remontada.<\/p>\n","protected":false},"excerpt":{"rendered":"<p>El nostre equip Inclusiu va disputar el seu corresponent partit de lliga aquest divendres al pavell\u00f3 La Bastida contra el Manresa encaixant la primera derrota de la temporada (2-4). Al final dels 20 primers minuts ja anaven a remolc per 0-2. A la represa els jugadors de la Grama van reaccionar empatant amb dos gols [&hellip;]<\/p>\n","protected":false},"author":1,"featured_media":30378,"comment_status":"closed","ping_status":"closed","sticky":false,"template":"","format":"standard","meta":{"footnotes":""},"categories":[4,1256],"tags":[],"class_list":["post-30377","post","type-post","status-publish","format-standard","has-post-thumbnail","hentry","category-base-inclusiu","category-inclusiu"],"_links":{"self":[{"href":"http:\/\/fegrama.cat\/web\/wp-json\/wp\/v2\/posts\/30377","targetHints":{"allow":["GET"]}}],"collection":[{"href":"http:\/\/fegrama.cat\/web\/wp-json\/wp\/v2\/posts"}],"about":[{"href":"http:\/\/fegrama.cat\/web\/wp-json\/wp\/v2\/types\/post"}],"author":[{"embeddable":true,"href":"http:\/\/fegrama.cat\/web\/wp-json\/wp\/v2\/users\/1"}],"replies":[{"embeddable":true,"href":"http:\/\/fegrama.cat\/web\/wp-json\/wp\/v2\/comments?post=30377"}],"version-history":[{"count":2,"href":"http:\/\/fegrama.cat\/web\/wp-json\/wp\/v2\/posts\/30377\/revisions"}],"predecessor-version":[{"id":30380,"href":"http:\/\/fegrama.cat\/web\/wp-json\/wp\/v2\/posts\/30377\/revisions\/30380"}],"wp:featuredmedia":[{"embeddable":true,"href":"http:\/\/fegrama.cat\/web\/wp-json\/wp\/v2\/media\/30378"}],"wp:attachment":[{"href":"http:\/\/fegrama.cat\/web\/wp-json\/wp\/v2\/media?parent=30377"}],"wp:term":[{"taxonomy":"category","embeddable":true,"href":"http:\/\/fegrama.cat\/web\/wp-json\/wp\/v2\/categories?post=30377"},{"taxonomy":"post_tag","embeddable":true,"href":"http:\/\/fegrama.cat\/web\/wp-json\/wp\/v2\/tags?post=30377"}],"curies":[{"name":"wp","href":"https:\/\/api.w.org\/{rel}","templated":true}]}}