{"id":3036,"date":"2014-03-28T08:50:36","date_gmt":"2014-03-28T07:50:36","guid":{"rendered":"http:\/\/fegrama.cat\/web\/?p=3036"},"modified":"2014-03-26T19:52:23","modified_gmt":"2014-03-26T18:52:23","slug":"linfantil-c-de-la-fegrama-anira-diumenge-al-municipal-provencana-contra-la-gornal","status":"publish","type":"post","link":"http:\/\/fegrama.cat\/web\/linfantil-c-de-la-fegrama-anira-diumenge-al-municipal-provencana-contra-la-gornal\/","title":{"rendered":"L&#8217;Infantil C de la FEGrama anir\u00e0 diumenge al Municipal Proven\u00e7ana contra la Gornal"},"content":{"rendered":"<p>L&#8217;<strong>Infantil C de la FEGrama<\/strong>\u00a0voldr\u00e0 pujar de la seva posici\u00f3 a la classificaci\u00f3, quart a la classificaci\u00f3 malgrat rebre a casa una derrota davant la\u00a0<strong>Penya Anguera<\/strong>\u00a0per 0-2 a la setmana passada.<\/p>\n<p>El conjunt de la\u00a0<strong>Fundaci\u00f3 Grama<\/strong>\u00a0va rebre un gol en cada part que no va poder remuntar a pesar de la lluita i del bon plantejament realitzat al Nou Municipal de\u00a0<strong>Santa Coloma.<\/strong><\/p>\n<p>Els jugadors entrenats per\u00a0<strong>Rafa Muriel i Sergio Sierra<\/strong>\u00a0voldran continuar a la quarta posici\u00f3 i sumar per pujar dels 33 punts i probar de puntuar a la jornada 22 al\u00a0<strong>Municipal Proven\u00e7ana<\/strong>\u00a0contra la\u00a0<strong>Gornal<\/strong>, onz\u00e8 classificat amb 13 punts, el diumenge 30 de mar\u00e7 des de les 10:00.<\/p>\n<p>[divider]<\/p>\n<p>[button color=\u00bbblue\u00bb size=\u00bbsmall\u00bb link=\u00bbhttp:\/\/www.fcf.cat\/pnfg\/NFG_CmpJornada?cod_primaria=1000120&amp;CodCompeticion=18473303&amp;CodGrupo=18577730&amp;CodTemporada=9&amp;CodJornada=10&#8243; target=\u00bbblank\u00bb ]Resultats[\/button]<\/p>\n<p>[button color=\u00bbblue\u00bb size=\u00bbsmall\u00bb link=\u00bbhttp:\/\/www.fcf.cat\/pnfg\/NPcd\/NFG_VisClasificacion?cod_primaria=1000120&amp;codgrupo=18577730&amp;codcompeticion=18473303&#8243; target=\u00bbblank\u00bb ]Classificaci\u00f3[\/button]<\/p>\n<p>El Infantil C de la FEGRAM querr\u00e1 subir a su posici\u00f3n en la clasificaci\u00f3n, cuarto en la clasificaci\u00f3n a pesar de recibir en casa una derrota ante la Penya Anguera por 0-2 en la semana pasada.<\/p>\n<p>El conjunto de la Fundaci\u00f3n Grama recibi\u00f3 un gol en cada parte que no pudo remontar a pesar de la lucha y del buen planteamiento realizado en el Nou Municipal de Santa Coloma.<\/p>\n<p>Los jugadores entrenados por Rafa Muriel y Sergio Sierra querr\u00e1n continuar en la cuarta posici\u00f3n y sumar para subir los 33 puntos y probar de puntuar en la jornada 22 en el Municipal Proven\u00e7ana contra la Gornal, und\u00e9cimo clasificado con 13 puntos, el domingo 30 de marzo desde 10:00.<\/p>\n<p><strong>Visca l&#8217;Esperit Grama!!!<\/strong><\/p>\n","protected":false},"excerpt":{"rendered":"<p>L&#8217;Infantil C de la FEGrama\u00a0voldr\u00e0 pujar de la seva posici\u00f3 a la classificaci\u00f3, quart a la classificaci\u00f3 malgrat rebre a casa una derrota davant la\u00a0Penya Anguera\u00a0per 0-2 a la setmana passada. El conjunt de la\u00a0Fundaci\u00f3 Grama\u00a0va rebre un gol en cada part que no va poder remuntar a pesar de la lluita i del bon [&hellip;]<\/p>\n","protected":false},"author":1,"featured_media":0,"comment_status":"closed","ping_status":"closed","sticky":false,"template":"","format":"standard","meta":{"footnotes":""},"categories":[4,9],"tags":[],"class_list":["post-3036","post","type-post","status-publish","format-standard","hentry","category-base-inclusiu","category-infantils"],"_links":{"self":[{"href":"http:\/\/fegrama.cat\/web\/wp-json\/wp\/v2\/posts\/3036","targetHints":{"allow":["GET"]}}],"collection":[{"href":"http:\/\/fegrama.cat\/web\/wp-json\/wp\/v2\/posts"}],"about":[{"href":"http:\/\/fegrama.cat\/web\/wp-json\/wp\/v2\/types\/post"}],"author":[{"embeddable":true,"href":"http:\/\/fegrama.cat\/web\/wp-json\/wp\/v2\/users\/1"}],"replies":[{"embeddable":true,"href":"http:\/\/fegrama.cat\/web\/wp-json\/wp\/v2\/comments?post=3036"}],"version-history":[{"count":1,"href":"http:\/\/fegrama.cat\/web\/wp-json\/wp\/v2\/posts\/3036\/revisions"}],"predecessor-version":[{"id":3038,"href":"http:\/\/fegrama.cat\/web\/wp-json\/wp\/v2\/posts\/3036\/revisions\/3038"}],"wp:attachment":[{"href":"http:\/\/fegrama.cat\/web\/wp-json\/wp\/v2\/media?parent=3036"}],"wp:term":[{"taxonomy":"category","embeddable":true,"href":"http:\/\/fegrama.cat\/web\/wp-json\/wp\/v2\/categories?post=3036"},{"taxonomy":"post_tag","embeddable":true,"href":"http:\/\/fegrama.cat\/web\/wp-json\/wp\/v2\/tags?post=3036"}],"curies":[{"name":"wp","href":"https:\/\/api.w.org\/{rel}","templated":true}]}}