{"id":30349,"date":"2022-02-14T23:27:53","date_gmt":"2022-02-14T22:27:53","guid":{"rendered":"http:\/\/fegrama.cat\/web\/?p=30349"},"modified":"2022-02-14T23:27:54","modified_gmt":"2022-02-14T22:27:54","slug":"derrota-pel-juvenil-c-fora-de-casa","status":"publish","type":"post","link":"http:\/\/fegrama.cat\/web\/derrota-pel-juvenil-c-fora-de-casa\/","title":{"rendered":"Derrota pel Juvenil \u00abC\u00bb fora de casa."},"content":{"rendered":"\n<p>Martinenc&nbsp;2 &#8211; Juvenil \u201cC\u201d 0<\/p>\n\n\n\n<p>Els nois del Juvenil \u201cC\u201d van jugar el dissabte el seu partit setmanal. Un partit en el qual la&nbsp;Grama, anava amb la idea de sortir des de darrere, com sempre, tractant de primer tirar pilotes a l&#8217;esquena dels contraris, com b\u00e9 es va poder fer.<br>A partir d&#8217;aqu\u00ed generar la sortida neta, la qual cosa va costar perqu\u00e8 l&#8217;equip contrari estrenyia. El&nbsp;Martinenc&nbsp;arribava b\u00e9 a les ajudes i els de la&nbsp;Grama&nbsp;tampoc generaven moltes ocasions.<br>Per desgr\u00e0cia, va arribar el primer gol dels de casa, un gol directe. En aquest moment els de la&nbsp;Grama&nbsp;van tenir un petit error, toca millorar algunes coses, per\u00f2 aix\u00ed \u00e9s el futbol.<br>Encara aix\u00ed la&nbsp;Grama&nbsp;va lluitar fins a l&#8217;\u00faltim segon de la primera part fent diverses aproximacions a porta.<br>En la segona part, despr\u00e9s de diferents ajustos de joc, es van protegir millor per\u00f2 sense poder evitar el segon gol dels contraris.<\/p>\n\n\n\n<p><\/p>\n\n\n\n<hr class=\"wp-block-separator\"\/>\n\n\n\n<p><\/p>\n\n\n\n<p><strong>Martinenc 2 &#8211; Juvenil \u201cC\u201d 0<\/strong><\/p>\n\n\n\n<p>Los chicos del Juvenil \u201cC\u201d jugaron el s\u00e1bado su partido semanal. Un partido en el que la Grama, iba con la idea de salir desde atr\u00e1s, como siempre, tratando de primero echar balones a la espalda de los contrarios, como bien se pudo hacer.&nbsp;<\/p>\n\n\n\n<p>A partir de ah\u00ed generar la salida limpia, lo que cost\u00f3 porque el equipo contrario apretaba. El Martinenc llegaba bien a las ayudas y los de la Grama tampoco generaban muchas ocasiones.&nbsp;<\/p>\n\n\n\n<p>Por desgracia, lleg\u00f3 el primer gol de los de casa, un gol directo. En ese momento los de la Grama tuvieron un peque\u00f1o error, toca mejorar algunas cosas, pero as\u00ed es el f\u00fatbol.<\/p>\n\n\n\n<p>A\u00fan as\u00ed la Grama luch\u00f3 hasta el \u00faltimo segundo de la primera parte haciendo varias aproximaciones a puerta.<\/p>\n\n\n\n<p>En la segunda parte, tras diferentes ajustes de juego, se protegieron mejor pero sin poder evitar el segundo gol de los contrarios.<\/p>\n","protected":false},"excerpt":{"rendered":"<p>Martinenc&nbsp;2 &#8211; Juvenil \u201cC\u201d 0 Els nois del Juvenil \u201cC\u201d van jugar el dissabte el seu partit setmanal. Un partit en el qual la&nbsp;Grama, anava amb la idea de sortir des de darrere, com sempre, tractant de primer tirar pilotes a l&#8217;esquena dels contraris, com b\u00e9 es va poder fer.A partir d&#8217;aqu\u00ed generar la sortida [&hellip;]<\/p>\n","protected":false},"author":1,"featured_media":30113,"comment_status":"closed","ping_status":"closed","sticky":false,"template":"","format":"standard","meta":{"footnotes":""},"categories":[4,6],"tags":[],"class_list":["post-30349","post","type-post","status-publish","format-standard","has-post-thumbnail","hentry","category-base-inclusiu","category-juvenils"],"_links":{"self":[{"href":"http:\/\/fegrama.cat\/web\/wp-json\/wp\/v2\/posts\/30349","targetHints":{"allow":["GET"]}}],"collection":[{"href":"http:\/\/fegrama.cat\/web\/wp-json\/wp\/v2\/posts"}],"about":[{"href":"http:\/\/fegrama.cat\/web\/wp-json\/wp\/v2\/types\/post"}],"author":[{"embeddable":true,"href":"http:\/\/fegrama.cat\/web\/wp-json\/wp\/v2\/users\/1"}],"replies":[{"embeddable":true,"href":"http:\/\/fegrama.cat\/web\/wp-json\/wp\/v2\/comments?post=30349"}],"version-history":[{"count":1,"href":"http:\/\/fegrama.cat\/web\/wp-json\/wp\/v2\/posts\/30349\/revisions"}],"predecessor-version":[{"id":30350,"href":"http:\/\/fegrama.cat\/web\/wp-json\/wp\/v2\/posts\/30349\/revisions\/30350"}],"wp:featuredmedia":[{"embeddable":true,"href":"http:\/\/fegrama.cat\/web\/wp-json\/wp\/v2\/media\/30113"}],"wp:attachment":[{"href":"http:\/\/fegrama.cat\/web\/wp-json\/wp\/v2\/media?parent=30349"}],"wp:term":[{"taxonomy":"category","embeddable":true,"href":"http:\/\/fegrama.cat\/web\/wp-json\/wp\/v2\/categories?post=30349"},{"taxonomy":"post_tag","embeddable":true,"href":"http:\/\/fegrama.cat\/web\/wp-json\/wp\/v2\/tags?post=30349"}],"curies":[{"name":"wp","href":"https:\/\/api.w.org\/{rel}","templated":true}]}}