{"id":30340,"date":"2022-02-14T18:14:57","date_gmt":"2022-02-14T17:14:57","guid":{"rendered":"http:\/\/fegrama.cat\/web\/?p=30340"},"modified":"2022-02-14T18:14:58","modified_gmt":"2022-02-14T17:14:58","slug":"partit-de-lalevi-e-contra-el-lider-de-la-lliga","status":"publish","type":"post","link":"http:\/\/fegrama.cat\/web\/partit-de-lalevi-e-contra-el-lider-de-la-lliga\/","title":{"rendered":"Partit de l&#8217;Alev\u00ed \u00abE\u00bb contra el l\u00edder de la lliga."},"content":{"rendered":"\n<p><strong>Escola\u00a0Brafa\u00a010 &#8211; Alev\u00ed \u201cE\u201d 4<\/strong><\/p>\n\n\n\n<p>Els nois de l&#8217;Alev\u00ed \u201cE\u201d van jugar el seu partit setmanal en camp contrari, o millor dit, en el camp del l\u00edder i invicte en la lliga.<br><br>Encara aix\u00ed, els nostres ho van donar tot i va ser un bon partit per part de tots dos conjunts.<br><br>Els nostres petits tenien el partit guanyat en el primer quart, per\u00f2 el l\u00edder va saber respondre i aquesta setmana toca felicitar el rival.<br><br>Cal continuar corregint coses i entrenant per a poder arribar m\u00e9s lluny.<br><br>Felicitar tamb\u00e9 a Sergio, Navarro i Mart\u00ednez pels gols.<br><br>Seguim.<\/p>\n\n\n\n<p><\/p>\n\n\n\n<hr class=\"wp-block-separator\"\/>\n\n\n\n<p><\/p>\n\n\n\n<p><strong>Escola Brafa 10 &#8211; Alev\u00edn \u201cE\u201d 4&nbsp;<\/strong><\/p>\n\n\n\n<p>Los chicos del Alev\u00edn \u201cE\u201d jugaron su partido semanal en campo contrario, o mejor dicho, en el campo del l\u00edder e invicto en la liga.<\/p>\n\n\n\n<p>A\u00fan as\u00ed, los nuestros lo dieron todo y fue un buen partido por parte de ambos conjuntos.&nbsp;<\/p>\n\n\n\n<p>Nuestros peque\u00f1os ten\u00edan el partido ganado en el primer cuarto, pero el l\u00edder supo responder y esta semana toca felicitar al rival.<\/p>\n\n\n\n<p>Hay que seguir corrigiendo cosas y entrenando para poder llegar m\u00e1s lejos.<\/p>\n\n\n\n<p>Felicitar tambi\u00e9n a Sergio, Navarro y Mart\u00ednez por los goles.<\/p>\n\n\n\n<p>Seguimos.<\/p>\n","protected":false},"excerpt":{"rendered":"<p>Escola\u00a0Brafa\u00a010 &#8211; Alev\u00ed \u201cE\u201d 4 Els nois de l&#8217;Alev\u00ed \u201cE\u201d van jugar el seu partit setmanal en camp contrari, o millor dit, en el camp del l\u00edder i invicte en la lliga. Encara aix\u00ed, els nostres ho van donar tot i va ser un bon partit per part de tots dos conjunts. Els nostres petits [&hellip;]<\/p>\n","protected":false},"author":1,"featured_media":30285,"comment_status":"closed","ping_status":"closed","sticky":false,"template":"","format":"standard","meta":{"footnotes":""},"categories":[10,4],"tags":[],"class_list":["post-30340","post","type-post","status-publish","format-standard","has-post-thumbnail","hentry","category-alevins","category-base-inclusiu"],"_links":{"self":[{"href":"http:\/\/fegrama.cat\/web\/wp-json\/wp\/v2\/posts\/30340","targetHints":{"allow":["GET"]}}],"collection":[{"href":"http:\/\/fegrama.cat\/web\/wp-json\/wp\/v2\/posts"}],"about":[{"href":"http:\/\/fegrama.cat\/web\/wp-json\/wp\/v2\/types\/post"}],"author":[{"embeddable":true,"href":"http:\/\/fegrama.cat\/web\/wp-json\/wp\/v2\/users\/1"}],"replies":[{"embeddable":true,"href":"http:\/\/fegrama.cat\/web\/wp-json\/wp\/v2\/comments?post=30340"}],"version-history":[{"count":1,"href":"http:\/\/fegrama.cat\/web\/wp-json\/wp\/v2\/posts\/30340\/revisions"}],"predecessor-version":[{"id":30341,"href":"http:\/\/fegrama.cat\/web\/wp-json\/wp\/v2\/posts\/30340\/revisions\/30341"}],"wp:featuredmedia":[{"embeddable":true,"href":"http:\/\/fegrama.cat\/web\/wp-json\/wp\/v2\/media\/30285"}],"wp:attachment":[{"href":"http:\/\/fegrama.cat\/web\/wp-json\/wp\/v2\/media?parent=30340"}],"wp:term":[{"taxonomy":"category","embeddable":true,"href":"http:\/\/fegrama.cat\/web\/wp-json\/wp\/v2\/categories?post=30340"},{"taxonomy":"post_tag","embeddable":true,"href":"http:\/\/fegrama.cat\/web\/wp-json\/wp\/v2\/tags?post=30340"}],"curies":[{"name":"wp","href":"https:\/\/api.w.org\/{rel}","templated":true}]}}