{"id":30336,"date":"2022-02-14T08:51:03","date_gmt":"2022-02-14T07:51:03","guid":{"rendered":"http:\/\/fegrama.cat\/web\/?p=30336"},"modified":"2022-02-14T08:51:04","modified_gmt":"2022-02-14T07:51:04","slug":"el-juvenil-a-intenta-sense-exit-penetrar-la-defensa-rival-0-0","status":"publish","type":"post","link":"http:\/\/fegrama.cat\/web\/el-juvenil-a-intenta-sense-exit-penetrar-la-defensa-rival-0-0\/","title":{"rendered":"El Juvenil A intenta sense \u00e8xit penetrar la defensa rival (0-0)"},"content":{"rendered":"\n<p>El Juvenil A intenta sense \u00e8xit penetrar la dura defensa de la UE Costa Brava (0-0). Partit gris igual que la matinal de diumenge el que s&#8217;ha viscut al Municipal de la Grama.<\/p>\n\n\n\n<p>Primera part igualada gaireb\u00e9 sense ocasions de gol a cap de les porteries, amb una Grama que intentava enderrocar \u201cel mur\u201d dels de Girona, i una costa Brava que es defensava amb dents i ungles i que aprofitava els errors dels colomencs per mitj\u00e0 de un joc directe acostar-se a la porteria de Pablo.<\/p>\n\n\n\n<p>L&#8217;ocasi\u00f3 m\u00e9s clara de la primera meitat va ser una combinaci\u00f3 entre Hernando i Pau Mata on aquest darrer va enviar la pilota al p\u00f2ster. A la represa, la Fundaci\u00f3 Grama va millorar, cercle m\u00e9s r\u00e0pid la pilota i arribava amb \u00edmpetu a l&#8217;\u00e0rea visitant.<\/p>\n\n\n\n<p>Una rematada de cap d&#8217;Oliver i una doble ocasi\u00f3 d&#8217;Iker Merino ben aturades pel porter visitant eren les aproximacions m\u00e9s clares dels colomens. Ho van intentar fins al final, sense \u00e8xit, repartiment de punts al municipal.<\/p>\n\n\n\n<div class=\"wp-block-image\"><figure class=\"aligncenter size-large\"><img loading=\"lazy\" decoding=\"async\" width=\"1024\" height=\"861\" src=\"http:\/\/fegrama.cat\/web\/wp-content\/uploads\/2022\/02\/IMG-20220213-WA0035-1024x861.jpg\" alt=\"\" class=\"wp-image-30338\" srcset=\"http:\/\/fegrama.cat\/web\/wp-content\/uploads\/2022\/02\/IMG-20220213-WA0035-1024x861.jpg 1024w, http:\/\/fegrama.cat\/web\/wp-content\/uploads\/2022\/02\/IMG-20220213-WA0035-300x252.jpg 300w, http:\/\/fegrama.cat\/web\/wp-content\/uploads\/2022\/02\/IMG-20220213-WA0035-768x646.jpg 768w, http:\/\/fegrama.cat\/web\/wp-content\/uploads\/2022\/02\/IMG-20220213-WA0035-1536x1291.jpg 1536w, http:\/\/fegrama.cat\/web\/wp-content\/uploads\/2022\/02\/IMG-20220213-WA0035.jpg 1600w\" sizes=\"auto, (max-width: 1024px) 100vw, 1024px\" \/><figcaption>Foto: Carlos P\u00e9rez<\/figcaption><\/figure><\/div>\n\n\n\n<p>El Juvenil A intenta sin \u00e9xito penetrar la dura defensa de la UE Costa Brava (0-0). Partido gris al igual que la matinal de domingo el que se ha vivido en el Municipal de la Grama.<\/p>\n\n\n\n<p>Primera parte igualada sin apenas ocasiones de gol en ning\u00fan de las porter\u00edas, con una Grama que intentaba derribar \u201cel muro\u201d de los de Girona, y un costa Brava que se defend\u00eda con u\u00f1as y dientes y que aprovechaba los errores de los colomenses para mediante un juego directo acercarse a la porter\u00eda de Pablo. <\/p>\n\n\n\n<p>La ocasi\u00f3n m\u00e1s clara de la primera mitad fue una combinaci\u00f3n entre Hernando y Pau Mata donde este \u00faltimo envi\u00f3 el bal\u00f3n al p\u00f3ster. En la reanudaci\u00f3n, la Fundaci\u00f3 Grama mejor\u00f3, c\u00edrculo m\u00e1s r\u00e1pido el bal\u00f3n y llegaba con \u00edmpetu al \u00e1rea visitante. <\/p>\n\n\n\n<p>Un remate de cabeza de Oliver y una doble ocasion de Iker Merino bien atajadas por el guardameta visitante eran las aproximaciones m\u00e1s claras de los colomenes. Lo intentaron hasta el final, sin \u00e9xito, reparto de puntos en el municipal.<\/p>\n","protected":false},"excerpt":{"rendered":"<p>El Juvenil A intenta sense \u00e8xit penetrar la dura defensa de la UE Costa Brava (0-0). Partit gris igual que la matinal de diumenge el que s&#8217;ha viscut al Municipal de la Grama. Primera part igualada gaireb\u00e9 sense ocasions de gol a cap de les porteries, amb una Grama que intentava enderrocar \u201cel mur\u201d dels [&hellip;]<\/p>\n","protected":false},"author":1,"featured_media":30338,"comment_status":"closed","ping_status":"closed","sticky":false,"template":"","format":"standard","meta":{"footnotes":""},"categories":[4,6],"tags":[],"class_list":["post-30336","post","type-post","status-publish","format-standard","has-post-thumbnail","hentry","category-base-inclusiu","category-juvenils"],"_links":{"self":[{"href":"http:\/\/fegrama.cat\/web\/wp-json\/wp\/v2\/posts\/30336","targetHints":{"allow":["GET"]}}],"collection":[{"href":"http:\/\/fegrama.cat\/web\/wp-json\/wp\/v2\/posts"}],"about":[{"href":"http:\/\/fegrama.cat\/web\/wp-json\/wp\/v2\/types\/post"}],"author":[{"embeddable":true,"href":"http:\/\/fegrama.cat\/web\/wp-json\/wp\/v2\/users\/1"}],"replies":[{"embeddable":true,"href":"http:\/\/fegrama.cat\/web\/wp-json\/wp\/v2\/comments?post=30336"}],"version-history":[{"count":2,"href":"http:\/\/fegrama.cat\/web\/wp-json\/wp\/v2\/posts\/30336\/revisions"}],"predecessor-version":[{"id":30339,"href":"http:\/\/fegrama.cat\/web\/wp-json\/wp\/v2\/posts\/30336\/revisions\/30339"}],"wp:featuredmedia":[{"embeddable":true,"href":"http:\/\/fegrama.cat\/web\/wp-json\/wp\/v2\/media\/30338"}],"wp:attachment":[{"href":"http:\/\/fegrama.cat\/web\/wp-json\/wp\/v2\/media?parent=30336"}],"wp:term":[{"taxonomy":"category","embeddable":true,"href":"http:\/\/fegrama.cat\/web\/wp-json\/wp\/v2\/categories?post=30336"},{"taxonomy":"post_tag","embeddable":true,"href":"http:\/\/fegrama.cat\/web\/wp-json\/wp\/v2\/tags?post=30336"}],"curies":[{"name":"wp","href":"https:\/\/api.w.org\/{rel}","templated":true}]}}