{"id":30334,"date":"2022-02-13T23:05:29","date_gmt":"2022-02-13T22:05:29","guid":{"rendered":"http:\/\/fegrama.cat\/web\/?p=30334"},"modified":"2022-02-13T23:05:30","modified_gmt":"2022-02-13T22:05:30","slug":"derrota-per-lalevi-a-contra-el-badalona","status":"publish","type":"post","link":"http:\/\/fegrama.cat\/web\/derrota-per-lalevi-a-contra-el-badalona\/","title":{"rendered":"Derrota per l&#8217;Alev\u00ed \u00abA\u00bb contra el Badalona."},"content":{"rendered":"\n<p><strong>Alev\u00ed \u00abA\u00bb 3 &#8211; Badalona 5<\/strong><\/p>\n\n\n\n<p>Els nois de l&#8217;Alev\u00ed \u00abA\u00bb disputaven el seu partit setmanal a casa. Un partit en el qual els nostres van comen\u00e7ar donant-ho tot posant el 2 a 0 en el marcador contra els contraris de Badalona.<\/p>\n\n\n\n<p>Despr\u00e9s de comen\u00e7ar el segon quart, es va fer un volt al resultat que va costar remuntar per la desmotivaci\u00f3 de l&#8217;equip en rebre els gols. Aix\u00ed i tot, cal remarcar que de les ocasions que van tenir els contraris, no totes van ser materialitzades. Bona feina tamb\u00e9 per part dels de la Grama.<\/p>\n\n\n\n<p>Una pena, per\u00f2&nbsp;el Badalona&nbsp;tamb\u00e9 ho va treballar.<br>Toca continuar lluitant.<\/p>\n\n\n\n<hr class=\"wp-block-separator\"\/>\n\n\n\n<p><\/p>\n\n\n\n<p><strong>Alev\u00edn \u201cA\u201d 3 &#8211; Badalona 5<\/strong><\/p>\n\n\n\n<p>Los chicos del Alev\u00edn \u201cA\u201d disputaban su partido semanal en casa. Un partido en el que los nuestros empezaron d\u00e1ndolo todo y poniendo el 2 a 0 en el marcador contra los contrarios de Badalona.<\/p>\n\n\n\n<p>Tras empezar el segundo cuarto, se dio una vuelta al resultado que cost\u00f3 remontar por la desmotivaci\u00f3n del equipo al recibir los goles. A\u00fan as\u00ed, remarcar que de las ocasiones que tuvieron los contrarios, no todas fueron materializadas. Buen trabajo tambi\u00e9n por parte de los de la Grama.&nbsp;<\/p>\n\n\n\n<p>Una pena pero el Badalona tambi\u00e9n lo trabaj\u00f3.<\/p>\n\n\n\n<p>Toca seguir luchando.<\/p>\n","protected":false},"excerpt":{"rendered":"<p>Alev\u00ed \u00abA\u00bb 3 &#8211; Badalona 5 Els nois de l&#8217;Alev\u00ed \u00abA\u00bb disputaven el seu partit setmanal a casa. Un partit en el qual els nostres van comen\u00e7ar donant-ho tot posant el 2 a 0 en el marcador contra els contraris de Badalona. Despr\u00e9s de comen\u00e7ar el segon quart, es va fer un volt al resultat [&hellip;]<\/p>\n","protected":false},"author":1,"featured_media":29628,"comment_status":"closed","ping_status":"closed","sticky":false,"template":"","format":"standard","meta":{"footnotes":""},"categories":[10,4],"tags":[],"class_list":["post-30334","post","type-post","status-publish","format-standard","has-post-thumbnail","hentry","category-alevins","category-base-inclusiu"],"_links":{"self":[{"href":"http:\/\/fegrama.cat\/web\/wp-json\/wp\/v2\/posts\/30334","targetHints":{"allow":["GET"]}}],"collection":[{"href":"http:\/\/fegrama.cat\/web\/wp-json\/wp\/v2\/posts"}],"about":[{"href":"http:\/\/fegrama.cat\/web\/wp-json\/wp\/v2\/types\/post"}],"author":[{"embeddable":true,"href":"http:\/\/fegrama.cat\/web\/wp-json\/wp\/v2\/users\/1"}],"replies":[{"embeddable":true,"href":"http:\/\/fegrama.cat\/web\/wp-json\/wp\/v2\/comments?post=30334"}],"version-history":[{"count":1,"href":"http:\/\/fegrama.cat\/web\/wp-json\/wp\/v2\/posts\/30334\/revisions"}],"predecessor-version":[{"id":30335,"href":"http:\/\/fegrama.cat\/web\/wp-json\/wp\/v2\/posts\/30334\/revisions\/30335"}],"wp:featuredmedia":[{"embeddable":true,"href":"http:\/\/fegrama.cat\/web\/wp-json\/wp\/v2\/media\/29628"}],"wp:attachment":[{"href":"http:\/\/fegrama.cat\/web\/wp-json\/wp\/v2\/media?parent=30334"}],"wp:term":[{"taxonomy":"category","embeddable":true,"href":"http:\/\/fegrama.cat\/web\/wp-json\/wp\/v2\/categories?post=30334"},{"taxonomy":"post_tag","embeddable":true,"href":"http:\/\/fegrama.cat\/web\/wp-json\/wp\/v2\/tags?post=30334"}],"curies":[{"name":"wp","href":"https:\/\/api.w.org\/{rel}","templated":true}]}}