{"id":3033,"date":"2014-03-28T08:48:40","date_gmt":"2014-03-28T07:48:40","guid":{"rendered":"http:\/\/fegrama.cat\/web\/?p=3033"},"modified":"2014-03-26T19:50:30","modified_gmt":"2014-03-26T18:50:30","slug":"el-benjami-c-de-la-fegrama-rebra-dissabte-a-santa-coloma-a-la-penya-barcelonista-cinc-copes","status":"publish","type":"post","link":"http:\/\/fegrama.cat\/web\/el-benjami-c-de-la-fegrama-rebra-dissabte-a-santa-coloma-a-la-penya-barcelonista-cinc-copes\/","title":{"rendered":"El Benjam\u00ed C de la FEGrama rebr\u00e0 dissabte a Santa Coloma a la Penya Barcelonista Cinc Copes"},"content":{"rendered":"<p>El Benjam\u00ed C de la FEGrama lluitar\u00e0 amb totes les seves forces per canviar la din\u00e0mica com la de la setmana passada on va caure a la seva visita a Collblanc per un ajustat 5-4\u00a0per\u00f2 segueix a la cinquena posici\u00f3 encara que la dist\u00e0ncia amb aquest rival directe s&#8217;ha retallat a nom\u00e8s dos punts.<\/p>\n<p>Els joves jugadors de la Fundaci\u00f3 Grama varen encaixar aquesta derrota despr\u00e8s de dos vict\u00f2ries seguides.<\/p>\n<p>A la jornada 22, el conjunt de la FEG dirigit per Lautaro Rosales rebr\u00e0 al Nou Municipal de Santa Coloma a la Penya Barcelonista Cinc Copes, onz\u00e8 a la classificaci\u00f3 amb 18 punts, el dissabte 29 de mar\u00e7 a les 11:15 hores.<\/p>\n<p>[divider]<\/p>\n<p>[button color=\u00bbblue\u00bb size=\u00bbsmall\u00bb link=\u00bbhttp:\/\/www.fcf.cat\/pnfg\/NFG_CmpJornada?cod_primaria=1000120&amp;CodCompeticion=18473318&amp;CodGrupo=18680379&amp;CodTemporada=9&amp;CodJornada=10&#8243; target=\u00bbblank\u00bb ]Resultats[\/button]<\/p>\n<p>[button color=\u00bbblue\u00bb size=\u00bbsmall\u00bb link=\u00bbhttp:\/\/www.fcf.cat\/pnfg\/NPcd\/NFG_VisClasificacion?cod_primaria=1000120&amp;codgrupo=18680379&amp;codcompeticion=18473318&#8243; target=\u00bbblank\u00bb ]Classificaci\u00f3[\/button]<\/p>\n<p>El Benjam\u00edn C de la FEGRAM luchar\u00e1 con todas sus fuerzas para cambiar la din\u00e1mica como la de la semana pasada donde cay\u00f3 en su visita a Collblanc por un ajustado 5-4 pero sigue en la quinta posici\u00f3n aunque la distancia con este rival directo se ha recortado a s\u00f3lo dos puntos.<\/p>\n<p>Los j\u00f3venes jugadores de la Fundaci\u00f3n Grama fueron encajar esta derrota despu\u00e9s de dos victorias seguidas.<\/p>\n<p>En la jornada 22, el conjunto de la FEG dirigido por Lautaro Rosales recibir\u00e1 en el Nou Municipal de Santa Coloma a la Pe\u00f1a Barcelonista Cinco Copas, und\u00e9cimo en la clasificaci\u00f3n con 18 puntos, el s\u00e1bado 29 de marzo a las 11:15 horas.<\/p>\n<p><strong>Visca l&#8217;Esperit Grama!!!<\/strong><\/p>\n","protected":false},"excerpt":{"rendered":"<p>El Benjam\u00ed C de la FEGrama lluitar\u00e0 amb totes les seves forces per canviar la din\u00e0mica com la de la setmana passada on va caure a la seva visita a Collblanc per un ajustat 5-4\u00a0per\u00f2 segueix a la cinquena posici\u00f3 encara que la dist\u00e0ncia amb aquest rival directe s&#8217;ha retallat a nom\u00e8s dos punts. Els [&hellip;]<\/p>\n","protected":false},"author":1,"featured_media":0,"comment_status":"closed","ping_status":"closed","sticky":false,"template":"","format":"standard","meta":{"footnotes":""},"categories":[4,11],"tags":[],"class_list":["post-3033","post","type-post","status-publish","format-standard","hentry","category-base-inclusiu","category-benjamins"],"_links":{"self":[{"href":"http:\/\/fegrama.cat\/web\/wp-json\/wp\/v2\/posts\/3033","targetHints":{"allow":["GET"]}}],"collection":[{"href":"http:\/\/fegrama.cat\/web\/wp-json\/wp\/v2\/posts"}],"about":[{"href":"http:\/\/fegrama.cat\/web\/wp-json\/wp\/v2\/types\/post"}],"author":[{"embeddable":true,"href":"http:\/\/fegrama.cat\/web\/wp-json\/wp\/v2\/users\/1"}],"replies":[{"embeddable":true,"href":"http:\/\/fegrama.cat\/web\/wp-json\/wp\/v2\/comments?post=3033"}],"version-history":[{"count":1,"href":"http:\/\/fegrama.cat\/web\/wp-json\/wp\/v2\/posts\/3033\/revisions"}],"predecessor-version":[{"id":3035,"href":"http:\/\/fegrama.cat\/web\/wp-json\/wp\/v2\/posts\/3033\/revisions\/3035"}],"wp:attachment":[{"href":"http:\/\/fegrama.cat\/web\/wp-json\/wp\/v2\/media?parent=3033"}],"wp:term":[{"taxonomy":"category","embeddable":true,"href":"http:\/\/fegrama.cat\/web\/wp-json\/wp\/v2\/categories?post=3033"},{"taxonomy":"post_tag","embeddable":true,"href":"http:\/\/fegrama.cat\/web\/wp-json\/wp\/v2\/tags?post=3033"}],"curies":[{"name":"wp","href":"https:\/\/api.w.org\/{rel}","templated":true}]}}