{"id":30329,"date":"2022-02-13T22:55:25","date_gmt":"2022-02-13T21:55:25","guid":{"rendered":"http:\/\/fegrama.cat\/web\/?p=30329"},"modified":"2022-02-13T22:55:26","modified_gmt":"2022-02-13T21:55:26","slug":"valors-en-les-escoles","status":"publish","type":"post","link":"http:\/\/fegrama.cat\/web\/valors-en-les-escoles\/","title":{"rendered":"Valors en les Escoles!"},"content":{"rendered":"\n<p><strong>Escola\u00a0\u00abA\u00bb 2 &#8211;\u00a0Singuerlin\u00a05<\/strong><\/p>\n\n\n\n<p>Els petits de la Grama jugaven a casa contra el l\u00edder, un partit molt disputat, molt entretingut, joc de gran actitud, treball en equip.<br><br>Els gols que van ficar els rivals, van anar per errors dels nostres, propis de l&#8217;edat i que serviran per a crear experi\u00e8ncies motrius i cognitives. Per\u00f2 el desenvolupament del joc va reflectir un partit disputat, en el qual els de la Grama gaireb\u00e9 l&#8217;arriben a equiparar. Amb una mica de sort, haurien anotat m\u00e9s gols. Per\u00f2 encara aix\u00ed, va ser un excel\u00b7lent partit de tots els nens en el qual es van veure els valors humans dins de l&#8217;equip (i tamb\u00e9 amb els contraris amb joc solidari i net).<br><br>Bones bases es van forjant a l&#8217;Escola, perqu\u00e8 vagin creixent aix\u00ed al Club. <\/p>\n\n\n\n<hr class=\"wp-block-separator\"\/>\n\n\n\n<p><\/p>\n\n\n\n<p><strong>Escuela \u201cA\u201d 2 &#8211; Singuerlin 5<\/strong><\/p>\n\n\n\n<p>Los peque\u00f1os de la Grama jugaban en casa contra el l\u00edder, un partido muy disputado, muy entretenido, juego de gran actitud, trabajo en equipo.<\/p>\n\n\n\n<p>Los goles que metieron los rivales, fueron por errores de los nuestros, propios de la edad y que servir\u00e1n para crear experiencias motrices y cognitivas. Pero el desarrollo del juego reflej\u00f3 un partido disputado, en el que los de la Grama casi lo llegan a equiparar. Con un poco de suerte, hubieran anotado m\u00e1s goles. Pero a\u00fan as\u00ed, fue un excelente partido de todos los ni\u00f1os en el que se vieron los valores humanos dentro del equipo (y tambi\u00e9n con los contrarios con juego solidario y limpio).&nbsp;<\/p>\n\n\n\n<p>Buenas bases vienen forj\u00e1ndose en la Escuela, para que crezcan con valores en el Club.<\/p>\n\n\n\n<p><\/p>\n\n\n\n<hr class=\"wp-block-separator has-text-color has-background has-vivid-cyan-blue-background-color has-vivid-cyan-blue-color is-style-wide\"\/>\n\n\n\n<p><\/p>\n\n\n\n<p><strong>Escola \u00abB\u00bb 5 &#8211; Pomar 4<\/strong><\/p>\n\n\n\n<p>Els m\u00e9s petits, de l&#8217;Escola \u00abB\u00bb van fer un molt bon partit, amb una gran actitud i disposici\u00f3 per part de tots. Continuen aprenent cada vegada m\u00e9s els valors. \u00c9s molt important inculcar aquesta base en el futbol des de petits, aix\u00ed \u00e9s com sobresurten en el camp. S\u00f3n un punt elevat en el grup i el reflecteixen en cada partit.<br>Toca seguir amb aquesta din\u00e0mica.<\/p>\n\n\n\n<p><\/p>\n\n\n\n<hr class=\"wp-block-separator\"\/>\n\n\n\n<p><\/p>\n\n\n\n<p><strong>Escuela \u201cB\u201d 5 &#8211; Pomar 4<\/strong><br><br>Los m\u00e1s peque\u00f1os, de la Escuela \u201cB\u201d hicieron un muy buen partido, con una gran actitud y disposici\u00f3n por parte de todos. Siguen aprendiendo cada vez m\u00e1s los valores. Es muy importante inculcar esta base en el f\u00fatbol desde peque\u00f1os, as\u00ed es c\u00f3mo sobresalen en el campo. Son un punto elevado en el grupo y lo reflejan en cada partido.<br>Toca seguir con esta din\u00e1mica.<\/p>\n","protected":false},"excerpt":{"rendered":"<p>Escola\u00a0\u00abA\u00bb 2 &#8211;\u00a0Singuerlin\u00a05 Els petits de la Grama jugaven a casa contra el l\u00edder, un partit molt disputat, molt entretingut, joc de gran actitud, treball en equip. Els gols que van ficar els rivals, van anar per errors dels nostres, propis de l&#8217;edat i que serviran per a crear experi\u00e8ncies motrius i cognitives. Per\u00f2 el [&hellip;]<\/p>\n","protected":false},"author":1,"featured_media":0,"comment_status":"closed","ping_status":"closed","sticky":false,"template":"","format":"standard","meta":{"footnotes":""},"categories":[4,33],"tags":[],"class_list":["post-30329","post","type-post","status-publish","format-standard","hentry","category-base-inclusiu","category-escola-diari-feg"],"_links":{"self":[{"href":"http:\/\/fegrama.cat\/web\/wp-json\/wp\/v2\/posts\/30329","targetHints":{"allow":["GET"]}}],"collection":[{"href":"http:\/\/fegrama.cat\/web\/wp-json\/wp\/v2\/posts"}],"about":[{"href":"http:\/\/fegrama.cat\/web\/wp-json\/wp\/v2\/types\/post"}],"author":[{"embeddable":true,"href":"http:\/\/fegrama.cat\/web\/wp-json\/wp\/v2\/users\/1"}],"replies":[{"embeddable":true,"href":"http:\/\/fegrama.cat\/web\/wp-json\/wp\/v2\/comments?post=30329"}],"version-history":[{"count":2,"href":"http:\/\/fegrama.cat\/web\/wp-json\/wp\/v2\/posts\/30329\/revisions"}],"predecessor-version":[{"id":30331,"href":"http:\/\/fegrama.cat\/web\/wp-json\/wp\/v2\/posts\/30329\/revisions\/30331"}],"wp:attachment":[{"href":"http:\/\/fegrama.cat\/web\/wp-json\/wp\/v2\/media?parent=30329"}],"wp:term":[{"taxonomy":"category","embeddable":true,"href":"http:\/\/fegrama.cat\/web\/wp-json\/wp\/v2\/categories?post=30329"},{"taxonomy":"post_tag","embeddable":true,"href":"http:\/\/fegrama.cat\/web\/wp-json\/wp\/v2\/tags?post=30329"}],"curies":[{"name":"wp","href":"https:\/\/api.w.org\/{rel}","templated":true}]}}