{"id":30314,"date":"2022-02-13T21:25:42","date_gmt":"2022-02-13T20:25:42","guid":{"rendered":"http:\/\/fegrama.cat\/web\/?p=30314"},"modified":"2022-02-13T21:25:43","modified_gmt":"2022-02-13T20:25:43","slug":"tarda-dintensitat-i-gols-2-2","status":"publish","type":"post","link":"http:\/\/fegrama.cat\/web\/tarda-dintensitat-i-gols-2-2\/","title":{"rendered":"Tarda d&#8217;intensitat i gols (2-2)"},"content":{"rendered":"\n<p>La Fundaci\u00f3 Esportiva Grama va desaprofitar dues vegades l&#8217;avantatge al marcador i va acabar cedint un empat (2-2) al camp de la UE Sants.<\/p>\n\n\n\n<div class=\"wp-block-image\"><figure class=\"aligncenter size-large\"><img loading=\"lazy\" decoding=\"async\" width=\"1024\" height=\"683\" src=\"http:\/\/fegrama.cat\/web\/wp-content\/uploads\/2022\/02\/IMG-20220213-WA0016-1024x683.jpg\" alt=\"\" class=\"wp-image-30319\" srcset=\"http:\/\/fegrama.cat\/web\/wp-content\/uploads\/2022\/02\/IMG-20220213-WA0016-1024x683.jpg 1024w, http:\/\/fegrama.cat\/web\/wp-content\/uploads\/2022\/02\/IMG-20220213-WA0016-300x200.jpg 300w, http:\/\/fegrama.cat\/web\/wp-content\/uploads\/2022\/02\/IMG-20220213-WA0016-768x512.jpg 768w, http:\/\/fegrama.cat\/web\/wp-content\/uploads\/2022\/02\/IMG-20220213-WA0016-1536x1024.jpg 1536w, http:\/\/fegrama.cat\/web\/wp-content\/uploads\/2022\/02\/IMG-20220213-WA0016.jpg 2048w\" sizes=\"auto, (max-width: 1024px) 100vw, 1024px\" \/><\/figure><\/div>\n\n\n\n<p>Juanma Pons va sortir amb Solsona i Montalb\u00e1n en punta. Primer temps amb escasses jugades de perill, molta intensitat i falta de la darrera passada. El primer intent seri\u00f3s va ser del Sants amb un xut lluny\u00e0 per sobre del travesser (21&#8242;).<\/p>\n\n\n\n<p>Per la seva banda, la Grama va respondre amb una falta de Roger a les mans del porter i amb un xut de Peris en qu\u00e8 la pilota ja havia superat el porter i un defensa evitava el gol.<\/p>\n\n\n\n<p>Passada la mitja hora de joc arribaria l&#8217;oportunitat m\u00e9s clara amb una parada avall de Guiseris i la posterior rematada alta. Minuts despr\u00e9s (40&#8242;) una pilota morta prop de l&#8217;\u00e0rea ho aprofitaria Montalb\u00e1n per picar-la magistralment per sobre del porter. Gol\u00e0s de vaselina (0-1). Aix\u00ed es va arribar al descans.<\/p>\n\n\n\n<div class=\"wp-block-image\"><figure class=\"aligncenter size-large\"><img loading=\"lazy\" decoding=\"async\" width=\"1024\" height=\"683\" src=\"http:\/\/fegrama.cat\/web\/wp-content\/uploads\/2022\/02\/IMG-20220213-WA0023-1024x683.jpg\" alt=\"\" class=\"wp-image-30320\" srcset=\"http:\/\/fegrama.cat\/web\/wp-content\/uploads\/2022\/02\/IMG-20220213-WA0023-1024x683.jpg 1024w, http:\/\/fegrama.cat\/web\/wp-content\/uploads\/2022\/02\/IMG-20220213-WA0023-300x200.jpg 300w, http:\/\/fegrama.cat\/web\/wp-content\/uploads\/2022\/02\/IMG-20220213-WA0023-768x512.jpg 768w, http:\/\/fegrama.cat\/web\/wp-content\/uploads\/2022\/02\/IMG-20220213-WA0023-1536x1024.jpg 1536w, http:\/\/fegrama.cat\/web\/wp-content\/uploads\/2022\/02\/IMG-20220213-WA0023.jpg 2048w\" sizes=\"auto, (max-width: 1024px) 100vw, 1024px\" \/><\/figure><\/div>\n\n\n\n<p>Segona meitat m\u00e9s oberta, amb joc directe de tots dos equips, sense dominador clar, molta intensitat, i amb gols per\u00f2 poques oportunitats de gol. Al 62 Ra\u00fal Mart\u00ednez aprofitava una centrada a l&#8217;\u00e0rea per rematar de cap a gol lliure de marca.<\/p>\n\n\n\n<p>El primer canvi de Juanma Pons seria l&#8217;entrada d&#8217;Adri Rosa per Peris. Al minut 75 la Grama tornaria a posar-se per davant al marcador despr\u00e9s d&#8217;un c\u00f3rner ben llan\u00e7at i rematat de cap per Molins al segon pal.<\/p>\n\n\n\n<p>Va durar menys de deu minuts l&#8217;alegria ja que al 82&#8242; Gonzalo aprofitava un rebuig a la frontal de l&#8217;\u00e0rea per marcar un gol\u00e0s de volea (2-2) . Imparable per a Guiseris.<\/p>\n\n\n\n<p>D&#8217;aqu\u00ed al final sensaci\u00f3 de m\u00e9s a prop el 3-2 que el 2-3, per\u00f2 sense ocasions clares per a cap equip arribant al final amb l&#8217;empat.<\/p>\n\n\n\n<p><strong>Fitxa t\u00e8cnica:<\/strong><\/p>\n\n\n\n<p><strong>UE Sants:\u00a0<\/strong>Uri (P), Shota, Cura, Portero, Ra\u00fal Mart\u00ednez, Salamanca (Iv\u00e1n Garc\u00eda, 81&#8242;) , Badia (Prado, 84&#8242;), Gonzalo (Zaid, 84&#8242;), Laborde (Nico, 60&#8242;), Iv\u00e1n Juli\u00e1n i Favio.<\/p>\n\n\n\n<p><strong>FE Grama:\u00a0<\/strong>Guiseris (P), Rubi, Alan, Adrien, Molins, Montalb\u00e1n (Antonicelli, 80&#8242;), Peris (Adri Rosa, 67&#8242;), Roger Garc\u00eda, Solsona, Escarrabill i Monterde (\u00c1ngel, 75&#8242;).<\/p>\n\n\n\n<p><strong>Gols:\u00a0<\/strong>0-1 Montalb\u00e1n, min.40. \/ 1-1 Ra\u00fal Mart\u00ednez, min.63. \/ 1-2 Molins, min.75. \/ 2-2 Gonzalo, min.82.<\/p>\n\n\n\n<p><strong>\u00c0rbitre:&nbsp;<\/strong>Xavier Ari\u00f1o (Comit\u00e8 Baix Llobregat). Va amonestar als locals Alan, Molins, Solsona i Montalb\u00e1n, i als visitants Fassani, \u00c8ric L\u00f3pez i Noguera.<\/p>\n\n\n\n<p><strong><a rel=\"noreferrer noopener\" href=\"https:\/\/www.fcf.cat\/classificacio\/2022\/futbol-11\/tercera-division-rfef\/grup-v\" target=\"_blank\">CLASSIFICACI\u00d3<\/a><\/strong><\/p>\n\n\n\n<div class=\"wp-block-image\"><figure class=\"aligncenter size-large\"><img loading=\"lazy\" decoding=\"async\" width=\"1024\" height=\"683\" src=\"http:\/\/fegrama.cat\/web\/wp-content\/uploads\/2022\/02\/IMG-20220213-WA0015-1024x683.jpg\" alt=\"\" class=\"wp-image-30321\" srcset=\"http:\/\/fegrama.cat\/web\/wp-content\/uploads\/2022\/02\/IMG-20220213-WA0015-1024x683.jpg 1024w, http:\/\/fegrama.cat\/web\/wp-content\/uploads\/2022\/02\/IMG-20220213-WA0015-300x200.jpg 300w, http:\/\/fegrama.cat\/web\/wp-content\/uploads\/2022\/02\/IMG-20220213-WA0015-768x512.jpg 768w, http:\/\/fegrama.cat\/web\/wp-content\/uploads\/2022\/02\/IMG-20220213-WA0015-1536x1024.jpg 1536w, http:\/\/fegrama.cat\/web\/wp-content\/uploads\/2022\/02\/IMG-20220213-WA0015.jpg 2048w\" sizes=\"auto, (max-width: 1024px) 100vw, 1024px\" \/><\/figure><\/div>\n\n\n\n<p>La Fundaci\u00f3 Esportiva Grama desaprovech\u00f3 en dos ocasiones la ventaja en el marcador y acab\u00f3 cediendo un empate (2-2) en el campo de la UE Sants.<\/p>\n\n\n\n<p>Juanma Pons sali\u00f3 de inicio con Solsona y Montalb\u00e1n en punta. Primer tiempo con escasas jugadas de peligro, mucha intensidad y falta del \u00faltimo pase. El primer intento seria del Sants con un chut lejano por encima del travesa\u00f1o (21&#8242;).<\/p>\n\n\n\n<p>Por su parte, la Grama respondi\u00f3 una falta de Roger a las manos del portero y con un chut de Peris en el que el bal\u00f3n ya hab\u00eda superado al portero y un defensa evitaba el gol.<\/p>\n\n\n\n<p>Pasada la media hora de juego llegar\u00eda la oportunidad m\u00e1s clara con un parad\u00f3n abajo de Guiseris y el posterior remate alto. Minutos despu\u00e9s (40&#8242;) un bal\u00f3n muerto cerca del \u00e1rea lo aprovechar\u00eda Montalb\u00e1n para picarla magistralmente por encima del portero. Golazo de vaselina (0-1). As\u00ed se lleg\u00f3 al descanso.<\/p>\n\n\n\n<p>Segunda mitad m\u00e1s abierta, con juego directo de los dos equipos, sin dominador claro, mucha intensidad, y con goles pero pocas oportunidades de gol. En el 62 Ra\u00fal Mart\u00ednez aprovechaba un centro al \u00e1rea para rematar de cabeza a gol libre de marca.<\/p>\n\n\n\n<p>El primer cambio de Juanma Pons ser\u00eda la entrada de Adri Rosa por Peris. En el minuto 75 la Grama volver\u00eda a ponerse por delante en el marcador tras un c\u00f3rner bien lanzado y rematado de cabeza por Molins en el segundo palo.<\/p>\n\n\n\n<p>Dur\u00f3 menos de diez minutos la alegr\u00eda ya que en el 82&#8242; Gonzalo aprovechaba un rechace en la frontal del \u00e1rea para marcar un golazo de volea (2-2) . Imparable para Guiseris.<\/p>\n\n\n\n<p>De aqu\u00ed al final sensaci\u00f3n de m\u00e1s cerca el 3-2 que el 2-3 pero sin ocasiones claras para ning\u00fan equipo llegando al final con el empate.<\/p>\n","protected":false},"excerpt":{"rendered":"<p>La Fundaci\u00f3 Esportiva Grama va desaprofitar dues vegades l&#8217;avantatge al marcador i va acabar cedint un empat (2-2) al camp de la UE Sants. Juanma Pons va sortir amb Solsona i Montalb\u00e1n en punta. Primer temps amb escasses jugades de perill, molta intensitat i falta de la darrera passada. El primer intent seri\u00f3s va ser [&hellip;]<\/p>\n","protected":false},"author":1,"featured_media":30321,"comment_status":"closed","ping_status":"closed","sticky":false,"template":"","format":"standard","meta":{"footnotes":""},"categories":[5],"tags":[],"class_list":["post-30314","post","type-post","status-publish","format-standard","has-post-thumbnail","hentry","category-primer-equip"],"_links":{"self":[{"href":"http:\/\/fegrama.cat\/web\/wp-json\/wp\/v2\/posts\/30314","targetHints":{"allow":["GET"]}}],"collection":[{"href":"http:\/\/fegrama.cat\/web\/wp-json\/wp\/v2\/posts"}],"about":[{"href":"http:\/\/fegrama.cat\/web\/wp-json\/wp\/v2\/types\/post"}],"author":[{"embeddable":true,"href":"http:\/\/fegrama.cat\/web\/wp-json\/wp\/v2\/users\/1"}],"replies":[{"embeddable":true,"href":"http:\/\/fegrama.cat\/web\/wp-json\/wp\/v2\/comments?post=30314"}],"version-history":[{"count":5,"href":"http:\/\/fegrama.cat\/web\/wp-json\/wp\/v2\/posts\/30314\/revisions"}],"predecessor-version":[{"id":30322,"href":"http:\/\/fegrama.cat\/web\/wp-json\/wp\/v2\/posts\/30314\/revisions\/30322"}],"wp:featuredmedia":[{"embeddable":true,"href":"http:\/\/fegrama.cat\/web\/wp-json\/wp\/v2\/media\/30321"}],"wp:attachment":[{"href":"http:\/\/fegrama.cat\/web\/wp-json\/wp\/v2\/media?parent=30314"}],"wp:term":[{"taxonomy":"category","embeddable":true,"href":"http:\/\/fegrama.cat\/web\/wp-json\/wp\/v2\/categories?post=30314"},{"taxonomy":"post_tag","embeddable":true,"href":"http:\/\/fegrama.cat\/web\/wp-json\/wp\/v2\/tags?post=30314"}],"curies":[{"name":"wp","href":"https:\/\/api.w.org\/{rel}","templated":true}]}}