{"id":3030,"date":"2014-03-28T08:46:57","date_gmt":"2014-03-28T07:46:57","guid":{"rendered":"http:\/\/fegrama.cat\/web\/?p=3030"},"modified":"2014-03-26T19:48:35","modified_gmt":"2014-03-26T18:48:35","slug":"lalevi-d-de-la-fegrama-viatjara-dissabte-a-badalona-contra-el-young-talent","status":"publish","type":"post","link":"http:\/\/fegrama.cat\/web\/lalevi-d-de-la-fegrama-viatjara-dissabte-a-badalona-contra-el-young-talent\/","title":{"rendered":"L&#8217;Alev\u00ed D de la FEGrama viatjar\u00e0 dissabte a Badalona contra el Young Talent"},"content":{"rendered":"<p>El conjunt de Santa Coloma dirigit per Isma Rom\u00e1n voldr\u00e0 seguir pujant com a la setmana passada que ho va fer a la tercera posici\u00f3 amb 50 punts despr\u00e8s de la vict\u00f2ria al derbi de Santa Coloma davant l&#8217;Arrabal- Calaf Gramanet per un contundent 11-2 a qui amb aquests tres punts adelanta a la classificaci\u00f3 d&#8217;aquest grup 10 de Tercera Divisi\u00f3.<\/p>\n<p>Aquest triomf de l&#8217;equip de la Fundaci\u00f3 Grama fa que es consolid\u00e8s a dalt d&#8217;aquest grup 10 de Tercera Divisi\u00f3 nom\u00e8s superat ara per l&#8217;Escola Brafa, a dos punts, i el l\u00edder el Catal\u00f2nia.<\/p>\n<p>A la pr\u00f2xima jornada 22, l&#8217;equip de la Fundaci\u00f3 Grama viatjar\u00e0 al Camp Municipal de Badalona contra el Young Talent, vuit\u00e8 classificat amb 31 punts, el dissabte 29 de mar\u00e7 a les 13:00 hores.<\/p>\n<p>[divider]<\/p>\n<p>[button color=\u00bbblue\u00bb size=\u00bbsmall\u00bb link=\u00bbhttp:\/\/www.fcf.cat\/pnfg\/NFG_CmpJornada?cod_primaria=1000120&amp;CodCompeticion=18473309&amp;CodGrupo=18578226&amp;CodTemporada=9&amp;CodJornada=10&#8243; target=\u00bbblank\u00bb ]Resultats[\/button]<\/p>\n<p>[button color=\u00bbblue\u00bb size=\u00bbsmall\u00bb link=\u00bbhttp:\/\/www.fcf.cat\/pnfg\/NPcd\/NFG_VisClasificacion?cod_primaria=1000120&amp;codgrupo=18578226&amp;codcompeticion=18473309&#8243; target=\u00bbblank\u00bb ]Classificaci\u00f3[\/button]<\/p>\n<p>El conjunto de Santa Coloma dirigido por Isma Rom\u00e1n querr\u00e1 seguir subiendo como la semana pasada que lo hizo en la tercera posici\u00f3n con 50 puntos despu\u00e9s de la victoria en el derby de Santa Coloma ante el Arrabal-Calaf Gramanet por un contundente 11-2 a quien con estos tres puntos adelanta en la clasificaci\u00f3n de este grupo 10 de Tercera Divisi\u00f3n.<\/p>\n<p>Este triunfo del equipo de la Fundaci\u00f3n Grama hace que se consolide en lo alto de este grupo 10 de Tercera Divisi\u00f3n s\u00f3lo superado ahora por la Escuela Brafa, a dos puntos, y el l\u00edder el Catal\u00f2nia.<\/p>\n<p>En la pr\u00f3xima jornada 22, el equipo de la Fundaci\u00f3n Grama viajar\u00e1 en el Campo Municipal de Badalona contra el Young Talent, octavo clasificado con 31 puntos, el s\u00e1bado 29 de marzo a las 13:00 horas.<\/p>\n<p><strong>Visca l&#8217;Esperit Grama!!!<\/strong><\/p>\n","protected":false},"excerpt":{"rendered":"<p>El conjunt de Santa Coloma dirigit per Isma Rom\u00e1n voldr\u00e0 seguir pujant com a la setmana passada que ho va fer a la tercera posici\u00f3 amb 50 punts despr\u00e8s de la vict\u00f2ria al derbi de Santa Coloma davant l&#8217;Arrabal- Calaf Gramanet per un contundent 11-2 a qui amb aquests tres punts adelanta a la classificaci\u00f3 [&hellip;]<\/p>\n","protected":false},"author":1,"featured_media":0,"comment_status":"closed","ping_status":"closed","sticky":false,"template":"","format":"standard","meta":{"footnotes":""},"categories":[10,4],"tags":[],"class_list":["post-3030","post","type-post","status-publish","format-standard","hentry","category-alevins","category-base-inclusiu"],"_links":{"self":[{"href":"http:\/\/fegrama.cat\/web\/wp-json\/wp\/v2\/posts\/3030","targetHints":{"allow":["GET"]}}],"collection":[{"href":"http:\/\/fegrama.cat\/web\/wp-json\/wp\/v2\/posts"}],"about":[{"href":"http:\/\/fegrama.cat\/web\/wp-json\/wp\/v2\/types\/post"}],"author":[{"embeddable":true,"href":"http:\/\/fegrama.cat\/web\/wp-json\/wp\/v2\/users\/1"}],"replies":[{"embeddable":true,"href":"http:\/\/fegrama.cat\/web\/wp-json\/wp\/v2\/comments?post=3030"}],"version-history":[{"count":1,"href":"http:\/\/fegrama.cat\/web\/wp-json\/wp\/v2\/posts\/3030\/revisions"}],"predecessor-version":[{"id":3032,"href":"http:\/\/fegrama.cat\/web\/wp-json\/wp\/v2\/posts\/3030\/revisions\/3032"}],"wp:attachment":[{"href":"http:\/\/fegrama.cat\/web\/wp-json\/wp\/v2\/media?parent=3030"}],"wp:term":[{"taxonomy":"category","embeddable":true,"href":"http:\/\/fegrama.cat\/web\/wp-json\/wp\/v2\/categories?post=3030"},{"taxonomy":"post_tag","embeddable":true,"href":"http:\/\/fegrama.cat\/web\/wp-json\/wp\/v2\/tags?post=3030"}],"curies":[{"name":"wp","href":"https:\/\/api.w.org\/{rel}","templated":true}]}}