{"id":30284,"date":"2022-02-08T12:25:21","date_gmt":"2022-02-08T11:25:21","guid":{"rendered":"http:\/\/fegrama.cat\/web\/?p=30284"},"modified":"2022-02-08T12:25:22","modified_gmt":"2022-02-08T11:25:22","slug":"croniques-dels-alevins-e-i-d-amb-la-victoria-del-primer","status":"publish","type":"post","link":"http:\/\/fegrama.cat\/web\/croniques-dels-alevins-e-i-d-amb-la-victoria-del-primer\/","title":{"rendered":"Cr\u00f2niques dels Alevins \u00abE\u00bb i \u00abD\u00bb, amb la vict\u00f2ria del primer."},"content":{"rendered":"\n<p><strong>Alev\u00ed \u00abE\u00bb\u00a08 &#8211; Unificaci\u00f3\u00a0Bellvitge 5<\/strong><br><br>Els petits de l&#8217;Alev\u00ed \u201cE\u201d jugaven el seu partit setmanal a casa, a gust i contra la Unificaci\u00f3\u00a0Bellvitge. Una vict\u00f2ria que els nostres es van emportar per davant, molt merescuda encara que soferta. Gr\u00e0cies al bon joc\u00a0combinativo\u00a0de la\u00a0Grama, on el rival sempre buscava al seu davanter que destacava pel seu f\u00edsic.<\/p>\n\n\n\n<p><\/p>\n\n\n\n<figure class=\"wp-block-image size-large\"><img loading=\"lazy\" decoding=\"async\" width=\"1024\" height=\"683\" src=\"http:\/\/fegrama.cat\/web\/wp-content\/uploads\/2022\/02\/alevi\u0301n-22E22-1024x683.jpeg\" alt=\"\" class=\"wp-image-30285\" srcset=\"http:\/\/fegrama.cat\/web\/wp-content\/uploads\/2022\/02\/alevi\u0301n-22E22-1024x683.jpeg 1024w, http:\/\/fegrama.cat\/web\/wp-content\/uploads\/2022\/02\/alevi\u0301n-22E22-300x200.jpeg 300w, http:\/\/fegrama.cat\/web\/wp-content\/uploads\/2022\/02\/alevi\u0301n-22E22-768x512.jpeg 768w, http:\/\/fegrama.cat\/web\/wp-content\/uploads\/2022\/02\/alevi\u0301n-22E22.jpeg 1296w\" sizes=\"auto, (max-width: 1024px) 100vw, 1024px\" \/><\/figure>\n\n\n\n<p><\/p>\n\n\n\n<hr class=\"wp-block-separator\"\/>\n\n\n\n<p><\/p>\n\n\n\n<p><strong>Alev\u00edn \u00abE\u00bb 8 &#8211;  Unificaci\u00f3n Bellvitge 5<\/strong><\/p>\n\n\n\n<p>Los peque\u00f1os del Alev\u00edn \u201cE\u201d jugaban su partido semanal en casa, a gusto y contra la Unificaci\u00f3n Bellvitge. Una victoria que los nuestros se llevaron por delante, muy merecida aunque sufrida. Gracias al buen juego combinativo de la Grama, donde el rival siempre buscaba a su delantero que destacaba por su f\u00edsico.<\/p>\n\n\n\n<p><\/p>\n\n\n\n<p><\/p>\n\n\n\n<hr class=\"wp-block-separator is-style-wide\"\/>\n\n\n\n<p><\/p>\n\n\n\n<p><strong>Alev\u00ed \u00abD\u00bb 3 &#8211; Badalona 4<\/strong><br><br>Partit d&#8217;alta intensitat per als de l&#8217;Alev\u00ed \u201cD\u201d a casa, un partit en el qual des del primer moment es va fer pressi\u00f3 per part de la\u00a0Grama\u00a0des de dalt, incomodant la sortida del rival, que buscava pilotes a l&#8217;esquena de la defensa dels nostres alevins.<\/p>\n\n\n\n<p>A nivell ofensiu, no es van tenir ocasions de gol per als de casa, ja que en l\u00ednies generals, la pilota estava molt disputat. No obstant aix\u00f2, el Badalona s&#8217;avan\u00e7aria en el marcador, despr\u00e9s d&#8217;un rebutgi. El partit es posava costa amunt per als blaus, ja que costava imposar-se en joc i el rival estava tenint oportunitats. Encara aix\u00ed, es va aconseguir aguantar el marcador en el segon quart, sense encaixar m\u00e9s gols i intentant reprendre les bones sensacions amb algunes combinacions.<br><br>Al descans (0-1), es va canviar el plantejament i es van aclarir algunes idees. Davant la impossibilitat de progressar mitjan\u00e7ant un succ\u00e9s de passades, la\u00a0Grama\u00a0va decidir atreure contraris per a atacar els espais, tenint en compte l&#8217;espai que el rival deixava. Aix\u00ed, es van aconseguir generar ocasions de \u201cun contra un\u201d i \u201cdues contra un\u201d que la\u00a0Grama\u00a0va aprofitar per a transformar en gols.<br><br>Adri\u00a0posava les taules en el marcador, i\u00a0Hovik\u00a0va anotar el 2-1 i 3-1, en uns contraatacs molt ben resolts.<br><br>No obstant aix\u00f2, el rival es va bolcar en atac i va disposar de moltes ocasions per a retallar dist\u00e0ncies. En dues jugades successives va tornar a empatar el partit, la primera en un c\u00f3rner i la segona amb un colpejo ben dirigit (3-3).<br><br>En l&#8217;\u00faltim quart, la\u00a0Grama\u00a0va intentar conservar el marcador i aprofitar les ocasions de sortir en transici\u00f3, encara que amb mala fortuna.<br>El rival, sense tenir tampoc fortuna, va buscar porta en diverses ocasions.<br>Finalment, van aconseguir connectar amb el seu davanter que, en una posici\u00f3 \u00f2ptima per a marcar, va treure un fort tret que va posar fi al partit amb un 3 a 4 en el marcador.<br><br>Un final cruel i injust, ja que els nostres es van deixar la pell i van fer un gran esfor\u00e7. Si segueixen aix\u00ed, segur que aviat tindran recompensa.<\/p>\n\n\n\n<p><\/p>\n\n\n\n<hr class=\"wp-block-separator\"\/>\n\n\n\n<p><\/p>\n\n\n\n<p><strong>Alev\u00edn \u00abD\u00bb 3 &#8211; Badalona 4 \u00a0<\/strong><\/p>\n\n\n\n<p>Partido de alta intensidad para los del Alev\u00edn \u201cD\u201d en casa, un partido en el que desde el primer momento se hizo presi\u00f3n por parte de la Grama desde arriba, incomodando la salida del rival, que buscaba balones a la espalda de la defensa de nuestros alevines.<\/p>\n\n\n\n<p>A nivel ofensivo, no se tuvieron ocasiones de gol para los de casa, ya que en l\u00edneas generales, el bal\u00f3n estaba muy disputado. No obstante, el Badalona se adelantar\u00eda en el marcador, tras un rechace. El partido se pon\u00eda cuesta arriba para los azules, ya que costaba imponerse en juego y el rival estaba teniendo oportunidades. A\u00fan as\u00ed, se consigui\u00f3 aguantar el marcador en el segundo cuarto, sin encajar m\u00e1s goles e intentando retomar las buenas sensaciones con algunas combinaciones.&nbsp;<\/p>\n\n\n\n<p>Al descanso (0-1), se cambi\u00f3 el planteamiento y se aclararon algunas ideas. Ante la imposibilidad de progresar mediante un suceso de pases, la Grama decidi\u00f3 atraer contrarios para atacar los espacios, teniendo en cuenta el espacio que el rival dejaba. As\u00ed, se consiguieron generar ocasiones de \u201cuno contra uno\u201d y \u201cdos contra uno\u201d que la Grama aprovech\u00f3 para transformar en goles.<\/p>\n\n\n\n<p>Adri pon\u00eda las tablas en el marcador, y Hovik anot\u00f3 el 2-1 y 3-1, en unos contraataques muy bien resueltos.&nbsp;<\/p>\n\n\n\n<p>No obstante, el rival se volc\u00f3 en ataque y dispuso de muchas ocasiones para recortar distancias. En dos jugadas sucesivas volvi\u00f3 a empatar el partido, la primera en un c\u00f3rner y la segunda con un golpeo bien dirigido (3-3).&nbsp;<\/p>\n\n\n\n<p>En el \u00faltimo cuarto, la Grama intent\u00f3 conservar el marcador y aprovechar las ocasiones de salir en transici\u00f3n, aunque con mala fortuna.&nbsp;<\/p>\n\n\n\n<p>El rival, sin tener tampoco fortuna, busc\u00f3 puerta en varias ocasiones.&nbsp;<\/p>\n\n\n\n<p>Finalmente, lograron conectar con su delantero que, en una posici\u00f3n \u00f3ptima para marcar, sac\u00f3 un fuerte disparo que puso fin al partido con un 3 a 4 en el marcador.<\/p>\n\n\n\n<p>Un final cruel e injusto, ya que los nuestros se dejaron la piel e hicieron un gran esfuerzo. Si siguen as\u00ed, seguro que pronto tendr\u00e1n recompensa.<\/p>\n","protected":false},"excerpt":{"rendered":"<p>Alev\u00ed \u00abE\u00bb\u00a08 &#8211; Unificaci\u00f3\u00a0Bellvitge 5 Els petits de l&#8217;Alev\u00ed \u201cE\u201d jugaven el seu partit setmanal a casa, a gust i contra la Unificaci\u00f3\u00a0Bellvitge. Una vict\u00f2ria que els nostres es van emportar per davant, molt merescuda encara que soferta. Gr\u00e0cies al bon joc\u00a0combinativo\u00a0de la\u00a0Grama, on el rival sempre buscava al seu davanter que destacava pel seu [&hellip;]<\/p>\n","protected":false},"author":1,"featured_media":30285,"comment_status":"closed","ping_status":"closed","sticky":false,"template":"","format":"standard","meta":{"footnotes":""},"categories":[10,4],"tags":[],"class_list":["post-30284","post","type-post","status-publish","format-standard","has-post-thumbnail","hentry","category-alevins","category-base-inclusiu"],"_links":{"self":[{"href":"http:\/\/fegrama.cat\/web\/wp-json\/wp\/v2\/posts\/30284","targetHints":{"allow":["GET"]}}],"collection":[{"href":"http:\/\/fegrama.cat\/web\/wp-json\/wp\/v2\/posts"}],"about":[{"href":"http:\/\/fegrama.cat\/web\/wp-json\/wp\/v2\/types\/post"}],"author":[{"embeddable":true,"href":"http:\/\/fegrama.cat\/web\/wp-json\/wp\/v2\/users\/1"}],"replies":[{"embeddable":true,"href":"http:\/\/fegrama.cat\/web\/wp-json\/wp\/v2\/comments?post=30284"}],"version-history":[{"count":2,"href":"http:\/\/fegrama.cat\/web\/wp-json\/wp\/v2\/posts\/30284\/revisions"}],"predecessor-version":[{"id":30287,"href":"http:\/\/fegrama.cat\/web\/wp-json\/wp\/v2\/posts\/30284\/revisions\/30287"}],"wp:featuredmedia":[{"embeddable":true,"href":"http:\/\/fegrama.cat\/web\/wp-json\/wp\/v2\/media\/30285"}],"wp:attachment":[{"href":"http:\/\/fegrama.cat\/web\/wp-json\/wp\/v2\/media?parent=30284"}],"wp:term":[{"taxonomy":"category","embeddable":true,"href":"http:\/\/fegrama.cat\/web\/wp-json\/wp\/v2\/categories?post=30284"},{"taxonomy":"post_tag","embeddable":true,"href":"http:\/\/fegrama.cat\/web\/wp-json\/wp\/v2\/tags?post=30284"}],"curies":[{"name":"wp","href":"https:\/\/api.w.org\/{rel}","templated":true}]}}