{"id":30281,"date":"2022-02-08T09:38:03","date_gmt":"2022-02-08T08:38:03","guid":{"rendered":"http:\/\/fegrama.cat\/web\/?p=30281"},"modified":"2022-02-08T09:38:04","modified_gmt":"2022-02-08T08:38:04","slug":"empate-de-los-veteranos-1-1-para-iniciar-la-segunda-vuelta","status":"publish","type":"post","link":"http:\/\/fegrama.cat\/web\/empate-de-los-veteranos-1-1-para-iniciar-la-segunda-vuelta\/","title":{"rendered":"Empate de los Veteranos (1-1) para iniciar la segunda vuelta"},"content":{"rendered":"\n<p>Los Veteranos salvan un punto en un mal partido.<\/p>\n\n\n\n<p>Los Veteranos de la Fundaci\u00f3 Esportiva Grama volv\u00edan a jugar en casa para comenzar la 2\u00aa vuelta. El partido fue con una parte para cada equipo en la que los jugadores de la Grama hicieron una mala primera parte con muchas perdidas y una alta presi\u00f3n por parte de los Veteranos del Bar\u00f3 de Viver que tuvieron varias ocasiones para adelantarse en el marcador, llegando al final de la primera parte consegu\u00edan adelantarse en el marcador llegando al descanso con 0-1 a su favor.<\/p>\n\n\n\n<p>La segunda parte cambi\u00f3 gracias a que el equipo colomense jug\u00f3 mejor colocado y que el rival no era capaz de mantener la presi\u00f3n. Los Veteranos de la Grama comenzaron a crear peligro hasta conseguir el empate, despu\u00e9s se volc\u00f3 e incluso pod\u00eda haber ganado el partido si el \u00e1rbitro no hubiese anulado un gol por un dudoso fuera de juego.<\/p>\n\n\n\n<p>Empate final, 1-1, reparto de puntos y la cabeza de la clasificaci\u00f3n cada vez m\u00e1s lejos. La pr\u00f3xima jornada contra el Atl\u00e9tico Hospitalense esperando mejorar el juego.<\/p>\n\n\n\n<div class=\"wp-block-image\"><figure class=\"aligncenter size-large\"><img loading=\"lazy\" decoding=\"async\" width=\"1024\" height=\"503\" src=\"http:\/\/fegrama.cat\/web\/wp-content\/uploads\/2022\/01\/IMG-20220110-WA0002-1024x503.jpg\" alt=\"\" class=\"wp-image-30098\" srcset=\"http:\/\/fegrama.cat\/web\/wp-content\/uploads\/2022\/01\/IMG-20220110-WA0002-1024x503.jpg 1024w, http:\/\/fegrama.cat\/web\/wp-content\/uploads\/2022\/01\/IMG-20220110-WA0002-300x147.jpg 300w, http:\/\/fegrama.cat\/web\/wp-content\/uploads\/2022\/01\/IMG-20220110-WA0002-768x378.jpg 768w, http:\/\/fegrama.cat\/web\/wp-content\/uploads\/2022\/01\/IMG-20220110-WA0002.jpg 1194w\" sizes=\"auto, (max-width: 1024px) 100vw, 1024px\" \/><\/figure><\/div>\n","protected":false},"excerpt":{"rendered":"<p>Los Veteranos salvan un punto en un mal partido. Los Veteranos de la Fundaci\u00f3 Esportiva Grama volv\u00edan a jugar en casa para comenzar la 2\u00aa vuelta. El partido fue con una parte para cada equipo en la que los jugadores de la Grama hicieron una mala primera parte con muchas perdidas y una alta presi\u00f3n [&hellip;]<\/p>\n","protected":false},"author":1,"featured_media":30098,"comment_status":"closed","ping_status":"closed","sticky":false,"template":"","format":"standard","meta":{"footnotes":""},"categories":[751],"tags":[],"class_list":["post-30281","post","type-post","status-publish","format-standard","has-post-thumbnail","hentry","category-veterans"],"_links":{"self":[{"href":"http:\/\/fegrama.cat\/web\/wp-json\/wp\/v2\/posts\/30281","targetHints":{"allow":["GET"]}}],"collection":[{"href":"http:\/\/fegrama.cat\/web\/wp-json\/wp\/v2\/posts"}],"about":[{"href":"http:\/\/fegrama.cat\/web\/wp-json\/wp\/v2\/types\/post"}],"author":[{"embeddable":true,"href":"http:\/\/fegrama.cat\/web\/wp-json\/wp\/v2\/users\/1"}],"replies":[{"embeddable":true,"href":"http:\/\/fegrama.cat\/web\/wp-json\/wp\/v2\/comments?post=30281"}],"version-history":[{"count":1,"href":"http:\/\/fegrama.cat\/web\/wp-json\/wp\/v2\/posts\/30281\/revisions"}],"predecessor-version":[{"id":30283,"href":"http:\/\/fegrama.cat\/web\/wp-json\/wp\/v2\/posts\/30281\/revisions\/30283"}],"wp:featuredmedia":[{"embeddable":true,"href":"http:\/\/fegrama.cat\/web\/wp-json\/wp\/v2\/media\/30098"}],"wp:attachment":[{"href":"http:\/\/fegrama.cat\/web\/wp-json\/wp\/v2\/media?parent=30281"}],"wp:term":[{"taxonomy":"category","embeddable":true,"href":"http:\/\/fegrama.cat\/web\/wp-json\/wp\/v2\/categories?post=30281"},{"taxonomy":"post_tag","embeddable":true,"href":"http:\/\/fegrama.cat\/web\/wp-json\/wp\/v2\/tags?post=30281"}],"curies":[{"name":"wp","href":"https:\/\/api.w.org\/{rel}","templated":true}]}}