{"id":30279,"date":"2022-02-08T09:36:30","date_gmt":"2022-02-08T08:36:30","guid":{"rendered":"http:\/\/fegrama.cat\/web\/?p=30279"},"modified":"2022-02-08T09:36:31","modified_gmt":"2022-02-08T08:36:31","slug":"croniques-dels-juvenils-b-i-c","status":"publish","type":"post","link":"http:\/\/fegrama.cat\/web\/croniques-dels-juvenils-b-i-c\/","title":{"rendered":"Cr\u00f2niques dels Juvenils \u00abB\u00bb i \u00abC\u00bb."},"content":{"rendered":"\n<p><strong>Racing Sarri\u00e0 1- Juvenil \u201cB\u201d 0<\/strong><\/p>\n\n\n\n<p>Els nois del Juvenil \u201cB\u201d van disputar el seu partit setmanal davant d\u2019un gran rival. Un partit \u201cde tu a tu\u201d que s\u2019acaba cedint per un detall.<\/p>\n\n\n\n<p>Cal refer-se i mirar endavant.<\/p>\n\n\n\n<p><\/p>\n\n\n\n<hr class=\"wp-block-separator\"\/>\n\n\n\n<p><\/p>\n\n\n\n<p><strong>Racing Sarri\u00e0 1- Juvenil \u201cB\u201d 0<\/strong><\/p>\n\n\n\n<p>Los chicos del Juvenil \u201cB\u201d disputaron su partido semanal ante un gran rival. Un partido \u201cde t\u00fa a t\u00fa\u201d que se acaba cediendo por un detalle.<\/p>\n\n\n\n<p>Hay que rehacerse y mirar adelante.<\/p>\n\n\n\n<p><\/p>\n\n\n\n<hr class=\"wp-block-separator is-style-wide\"\/>\n\n\n\n<p><\/p>\n\n\n\n<p><strong>Can Buxeres 3 &#8211; Juvenil \u201cC\u201d 2<\/strong><\/p>\n\n\n\n<p>Els de la\u00a0Grama\u00a0jugaven el seu partit fora de casa, sortint des de darrere circulant i amb paci\u00e8ncia. Per desgr\u00e0cia, als cinc minuts, una falta que carrega l&#8217;\u00e0rea per no marcar b\u00e9 la zona d&#8217;esquena, dona com a rebuda el gol dels contraris.<br><br>Encara aix\u00ed els blaus, amb paci\u00e8ncia poden seguir endavant i marcar, tenint diferents situacions per\u00f2 que no acabaven de materialitzar-se totes.<br><br>En la mitja part amb l&#8217;1 a 1 en el marcador, s&#8217;intenta conscienciar a l&#8217;equip del practicat en els\u00a0entrenaments, de no precipitar-se, per\u00f2 aix\u00f2 no dona resultat ja que \u00e9s el que hi ha per din\u00e0mica en la segona part.<br><br>Falta de calma a l&#8217;hora de mobilitzar, el fet de voler jugar cap endavant era imprevisible amb p\u00e8rdues com a resposta.<br><br>Finalment el contrari va posar el 3 a 2, la qual cosa fa veure que toca llimar detalls i que de tot s&#8217;apr\u00e8n.<\/p>\n\n\n\n<p><\/p>\n\n\n\n<hr class=\"wp-block-separator\"\/>\n\n\n\n<p><\/p>\n\n\n\n<p><strong>Can Buxeres 3 &#8211; Juvenil \u201cC\u201d 2<\/strong><\/p>\n\n\n\n<p>Los de la Grama jugaban su partido fuera de casa, saliendo desde atr\u00e1s circulando y con paciencia. Por desgracia, a los cinco minutos, una falta que carga el \u00e1rea por no marcar bien la zona de espalda, da como recibimiento el gol de los contrarios.<\/p>\n\n\n\n<p>A\u00fan as\u00ed los azules, con paciencia pueden seguir adelante y marcar, teniendo diferentes situaciones pero que no acababan de materializarse todas.<\/p>\n\n\n\n<p>En la media parte con el 1 a 1 en el marcador, se intenta concienciar al equipo de lo practicado en los entrenos, de no precipitarse, pero esto no da resultado ya que es lo que hay por din\u00e1mica en la segunda parte.<\/p>\n\n\n\n<p>Falta de calma a la hora de movilizar, el hecho de querer jugar hacia delante era imprevisible con p\u00e9rdidas como respuesta.<\/p>\n\n\n\n<p>Finalmente el contrario puso el 3 a 2, lo que hace ver que toca limar detalles y que de todo se aprende.<\/p>\n","protected":false},"excerpt":{"rendered":"<p>Racing Sarri\u00e0 1- Juvenil \u201cB\u201d 0 Els nois del Juvenil \u201cB\u201d van disputar el seu partit setmanal davant d\u2019un gran rival. Un partit \u201cde tu a tu\u201d que s\u2019acaba cedint per un detall. Cal refer-se i mirar endavant. Racing Sarri\u00e0 1- Juvenil \u201cB\u201d 0 Los chicos del Juvenil \u201cB\u201d disputaron su partido semanal ante un [&hellip;]<\/p>\n","protected":false},"author":1,"featured_media":30280,"comment_status":"closed","ping_status":"closed","sticky":false,"template":"","format":"standard","meta":{"footnotes":""},"categories":[4,7],"tags":[],"class_list":["post-30279","post","type-post","status-publish","format-standard","has-post-thumbnail","hentry","category-base-inclusiu","category-cadets"],"_links":{"self":[{"href":"http:\/\/fegrama.cat\/web\/wp-json\/wp\/v2\/posts\/30279","targetHints":{"allow":["GET"]}}],"collection":[{"href":"http:\/\/fegrama.cat\/web\/wp-json\/wp\/v2\/posts"}],"about":[{"href":"http:\/\/fegrama.cat\/web\/wp-json\/wp\/v2\/types\/post"}],"author":[{"embeddable":true,"href":"http:\/\/fegrama.cat\/web\/wp-json\/wp\/v2\/users\/1"}],"replies":[{"embeddable":true,"href":"http:\/\/fegrama.cat\/web\/wp-json\/wp\/v2\/comments?post=30279"}],"version-history":[{"count":1,"href":"http:\/\/fegrama.cat\/web\/wp-json\/wp\/v2\/posts\/30279\/revisions"}],"predecessor-version":[{"id":30282,"href":"http:\/\/fegrama.cat\/web\/wp-json\/wp\/v2\/posts\/30279\/revisions\/30282"}],"wp:featuredmedia":[{"embeddable":true,"href":"http:\/\/fegrama.cat\/web\/wp-json\/wp\/v2\/media\/30280"}],"wp:attachment":[{"href":"http:\/\/fegrama.cat\/web\/wp-json\/wp\/v2\/media?parent=30279"}],"wp:term":[{"taxonomy":"category","embeddable":true,"href":"http:\/\/fegrama.cat\/web\/wp-json\/wp\/v2\/categories?post=30279"},{"taxonomy":"post_tag","embeddable":true,"href":"http:\/\/fegrama.cat\/web\/wp-json\/wp\/v2\/tags?post=30279"}],"curies":[{"name":"wp","href":"https:\/\/api.w.org\/{rel}","templated":true}]}}