{"id":30276,"date":"2022-02-07T23:27:42","date_gmt":"2022-02-07T22:27:42","guid":{"rendered":"http:\/\/fegrama.cat\/web\/?p=30276"},"modified":"2022-02-07T23:27:43","modified_gmt":"2022-02-07T22:27:43","slug":"per-fi-arriba-la-victoria-pels-cadets-del-c","status":"publish","type":"post","link":"http:\/\/fegrama.cat\/web\/per-fi-arriba-la-victoria-pels-cadets-del-c\/","title":{"rendered":"Per fi arriba la vict\u00f2ria pels Cadets del \u00abC\u00bb!"},"content":{"rendered":"\n<p><strong>Bufal\u00e0\u00a00 &#8211; Cadet \u201cC\u201d 2<\/strong><\/p>\n\n\n\n<p>Els nois del Cadet \u201cC\u201d van jugar el seu partit setmanal en un camp molt petit, en mal estat i complicat. Els de la\u00a0Grama, malgrat les males condicions, es van saber adaptar b\u00e9 i dominar tota la primera part marcant dos gols.<br><br>En la segona part es va sofrir m\u00e9s i als nostres els va tocar aguantar i competir. Els contraris, malgrat aix\u00f2, no generaven grans ocasions de perill.<br><br>Despr\u00e9s de nou partits sense guanyar i amb varis sense mer\u00e8ixer-ho, per fi va arribar la vict\u00f2ria.<\/p>\n\n\n\n<figure class=\"wp-block-image size-large\"><img loading=\"lazy\" decoding=\"async\" width=\"1024\" height=\"768\" src=\"http:\/\/fegrama.cat\/web\/wp-content\/uploads\/2022\/02\/CADETE-C-1024x768.jpeg\" alt=\"\" class=\"wp-image-30277\" srcset=\"http:\/\/fegrama.cat\/web\/wp-content\/uploads\/2022\/02\/CADETE-C-1024x768.jpeg 1024w, http:\/\/fegrama.cat\/web\/wp-content\/uploads\/2022\/02\/CADETE-C-300x225.jpeg 300w, http:\/\/fegrama.cat\/web\/wp-content\/uploads\/2022\/02\/CADETE-C-768x576.jpeg 768w, http:\/\/fegrama.cat\/web\/wp-content\/uploads\/2022\/02\/CADETE-C-1536x1152.jpeg 1536w, http:\/\/fegrama.cat\/web\/wp-content\/uploads\/2022\/02\/CADETE-C.jpeg 1600w\" sizes=\"auto, (max-width: 1024px) 100vw, 1024px\" \/><\/figure>\n\n\n\n<p><\/p>\n\n\n\n<hr class=\"wp-block-separator\"\/>\n\n\n\n<p><\/p>\n\n\n\n<p><strong>Bufal\u00e0 0 &#8211; Cadete \u201cC\u201d 2<\/strong><\/p>\n\n\n\n<p>Los chicos del Cadete \u201cC\u201d jugaron su partido semanal en un campo muy peque\u00f1o, en mal estado y complicado. Los de la Grama, a pesar de las malas condiciones, se supieron adaptar bien y dominar toda la primera parte marcando dos goles.<\/p>\n\n\n\n<p>En la segunda parte se sufri\u00f3 m\u00e1s y a los nuestros les toc\u00f3 aguantar y competir. Los contrarios, a pesar de eso, no generaban grandes ocasiones de peligro.<\/p>\n\n\n\n<p>Despu\u00e9s de nueve partidos sin ganar y con varios sin merecerlo, por fin lleg\u00f3 la victoria.<\/p>\n","protected":false},"excerpt":{"rendered":"<p>Bufal\u00e0\u00a00 &#8211; Cadet \u201cC\u201d 2 Els nois del Cadet \u201cC\u201d van jugar el seu partit setmanal en un camp molt petit, en mal estat i complicat. Els de la\u00a0Grama, malgrat les males condicions, es van saber adaptar b\u00e9 i dominar tota la primera part marcant dos gols. En la segona part es va sofrir m\u00e9s [&hellip;]<\/p>\n","protected":false},"author":1,"featured_media":30277,"comment_status":"closed","ping_status":"closed","sticky":false,"template":"","format":"standard","meta":{"footnotes":""},"categories":[4,7],"tags":[],"class_list":["post-30276","post","type-post","status-publish","format-standard","has-post-thumbnail","hentry","category-base-inclusiu","category-cadets"],"_links":{"self":[{"href":"http:\/\/fegrama.cat\/web\/wp-json\/wp\/v2\/posts\/30276","targetHints":{"allow":["GET"]}}],"collection":[{"href":"http:\/\/fegrama.cat\/web\/wp-json\/wp\/v2\/posts"}],"about":[{"href":"http:\/\/fegrama.cat\/web\/wp-json\/wp\/v2\/types\/post"}],"author":[{"embeddable":true,"href":"http:\/\/fegrama.cat\/web\/wp-json\/wp\/v2\/users\/1"}],"replies":[{"embeddable":true,"href":"http:\/\/fegrama.cat\/web\/wp-json\/wp\/v2\/comments?post=30276"}],"version-history":[{"count":1,"href":"http:\/\/fegrama.cat\/web\/wp-json\/wp\/v2\/posts\/30276\/revisions"}],"predecessor-version":[{"id":30278,"href":"http:\/\/fegrama.cat\/web\/wp-json\/wp\/v2\/posts\/30276\/revisions\/30278"}],"wp:featuredmedia":[{"embeddable":true,"href":"http:\/\/fegrama.cat\/web\/wp-json\/wp\/v2\/media\/30277"}],"wp:attachment":[{"href":"http:\/\/fegrama.cat\/web\/wp-json\/wp\/v2\/media?parent=30276"}],"wp:term":[{"taxonomy":"category","embeddable":true,"href":"http:\/\/fegrama.cat\/web\/wp-json\/wp\/v2\/categories?post=30276"},{"taxonomy":"post_tag","embeddable":true,"href":"http:\/\/fegrama.cat\/web\/wp-json\/wp\/v2\/tags?post=30276"}],"curies":[{"name":"wp","href":"https:\/\/api.w.org\/{rel}","templated":true}]}}