{"id":3027,"date":"2014-03-28T08:45:00","date_gmt":"2014-03-28T07:45:00","guid":{"rendered":"http:\/\/fegrama.cat\/web\/?p=3027"},"modified":"2014-03-27T10:03:29","modified_gmt":"2014-03-27T09:03:29","slug":"linfantil-preferent-de-la-fegrama-viatjara-a-lestadi-municipal-de-lhospitalet","status":"publish","type":"post","link":"http:\/\/fegrama.cat\/web\/linfantil-preferent-de-la-fegrama-viatjara-a-lestadi-municipal-de-lhospitalet\/","title":{"rendered":"L&#8217;Infantil Preferent de la FEGrama viatjar\u00e0 a l&#8217;Estadi Municipal de L&#8217;Hospitalet"},"content":{"rendered":"<p>L<strong>&#8216;Infantil Preferent de la FEGrama\u00a0<\/strong>dirigits per\u00a0<strong>Rub\u00e9n Blanco<\/strong>\u00a0voldr\u00e0 repetir vict\u00f2ria com davant l&#8217;<strong>Uni\u00f3 J\u00e0bac i Terrassa<\/strong>\u00a0per 2-0 de la setmana passada.<\/p>\n<p>Amb aquesta vict\u00f2ria, la segona de les \u00faltimes cinc jornades i altres dos empats, serveix per donar molta confian\u00e7a al grup de jugadors que han sabut guanyar a un rival directe com el\u00a0<strong>Terrassa<\/strong>\u00a0a qui li han retallat tres punts molt valiossos i ara estan nom\u00e8s a 4, com altres tres equips.<\/p>\n<p>A la jornada 22 d&#8217;aquest grup 4 de Preferent Infantil, amb 21 punts l&#8217;equip de la\u00a0<strong>FEG<\/strong>\u00a0viatjar\u00e0 a l&#8217;<strong>Estadi Municipal de L&#8217;Hospitalet de Llobregat<\/strong>, tretz\u00e8 classificat amb 20 punts, el dissabte de mar\u00e7 a les 10:30 hores.<\/p>\n<p>[divider]<\/p>\n<p>[button color=\u00bbblue\u00bb size=\u00bbsmall\u00bb link=\u00bbhttp:\/\/www.fcf.cat\/pnfg\/NFG_CmpJornada?cod_primaria=1000120&amp;CodCompeticion=18473300&amp;CodGrupo=18492148&amp;CodTemporada=9&amp;CodJornada=10&#8243; target=\u00bbblank\u00bb ]Resultats[\/button]<\/p>\n<p>[button color=\u00bbblue\u00bb size=\u00bbsmall\u00bb link=\u00bbhttp:\/\/www.fcf.cat\/pnfg\/NPcd\/NFG_VisClasificacion?cod_primaria=1000120&amp;codgrupo=18492148&amp;codcompeticion=18473300&#8243; target=\u00bbblank\u00bb ]Classificaci\u00f3[\/button]<\/p>\n<p>El Infantil Preferente de la FEGRAM dirigidos por Rub\u00e9n Blanco querr\u00e1 repetir victoria como ante la Uni\u00f3n J\u00e0bac y Terrassa por 2-0 de la semana pasada.<\/p>\n<p>Con esta victoria, la segunda de las \u00faltimas cinco jornadas y otros dos empates, sirve para dar mucha confianza al grupo de jugadores que han sabido ganar a un rival directo como el Terrassa al que le han recortado tres puntos muy valiossos y ahora est\u00e1n s\u00f3lo a 4, como otros tres equipos.<\/p>\n<p>En la jornada 22 de este grupo 4 de Preferente Infantil, con 21 puntos el equipo de la FEG viajar\u00e1 al Estadio Municipal de L&#8217;Hospitalet, decimotercer clasificado con 20 puntos, el s\u00e1bado 29 de marzo a las 10: 30 horas.<\/p>\n<p><strong>Visca l&#8217;Esperit Grama!!!<\/strong><\/p>\n","protected":false},"excerpt":{"rendered":"<p>L&#8216;Infantil Preferent de la FEGrama\u00a0dirigits per\u00a0Rub\u00e9n Blanco\u00a0voldr\u00e0 repetir vict\u00f2ria com davant l&#8217;Uni\u00f3 J\u00e0bac i Terrassa\u00a0per 2-0 de la setmana passada. Amb aquesta vict\u00f2ria, la segona de les \u00faltimes cinc jornades i altres dos empats, serveix per donar molta confian\u00e7a al grup de jugadors que han sabut guanyar a un rival directe com el\u00a0Terrassa\u00a0a qui li [&hellip;]<\/p>\n","protected":false},"author":1,"featured_media":0,"comment_status":"closed","ping_status":"closed","sticky":false,"template":"","format":"standard","meta":{"footnotes":""},"categories":[4,9],"tags":[],"class_list":["post-3027","post","type-post","status-publish","format-standard","hentry","category-base-inclusiu","category-infantils"],"_links":{"self":[{"href":"http:\/\/fegrama.cat\/web\/wp-json\/wp\/v2\/posts\/3027","targetHints":{"allow":["GET"]}}],"collection":[{"href":"http:\/\/fegrama.cat\/web\/wp-json\/wp\/v2\/posts"}],"about":[{"href":"http:\/\/fegrama.cat\/web\/wp-json\/wp\/v2\/types\/post"}],"author":[{"embeddable":true,"href":"http:\/\/fegrama.cat\/web\/wp-json\/wp\/v2\/users\/1"}],"replies":[{"embeddable":true,"href":"http:\/\/fegrama.cat\/web\/wp-json\/wp\/v2\/comments?post=3027"}],"version-history":[{"count":3,"href":"http:\/\/fegrama.cat\/web\/wp-json\/wp\/v2\/posts\/3027\/revisions"}],"predecessor-version":[{"id":3045,"href":"http:\/\/fegrama.cat\/web\/wp-json\/wp\/v2\/posts\/3027\/revisions\/3045"}],"wp:attachment":[{"href":"http:\/\/fegrama.cat\/web\/wp-json\/wp\/v2\/media?parent=3027"}],"wp:term":[{"taxonomy":"category","embeddable":true,"href":"http:\/\/fegrama.cat\/web\/wp-json\/wp\/v2\/categories?post=3027"},{"taxonomy":"post_tag","embeddable":true,"href":"http:\/\/fegrama.cat\/web\/wp-json\/wp\/v2\/tags?post=3027"}],"curies":[{"name":"wp","href":"https:\/\/api.w.org\/{rel}","templated":true}]}}