{"id":30256,"date":"2022-02-07T14:43:33","date_gmt":"2022-02-07T13:43:33","guid":{"rendered":"http:\/\/fegrama.cat\/web\/?p=30256"},"modified":"2022-02-07T14:44:01","modified_gmt":"2022-02-07T13:44:01","slug":"croniques-infantil-a-i-c-sense-molta-sort","status":"publish","type":"post","link":"http:\/\/fegrama.cat\/web\/croniques-infantil-a-i-c-sense-molta-sort\/","title":{"rendered":"Cr\u00f2niques de l&#8217;Infantil \u00abA\u00bb i \u00abC\u00bb sense gaire sort."},"content":{"rendered":"\n<p><strong>Infantil \u00abA\u00bb 1 &#8211; J\u00fanior 1<\/strong><br><br>Els nois de l&#8217;Infantil \u00abA\u00bb van jugar el seu partit a casa. Un infantil de la Grama molt superior al rival que no va aconseguir materialitzar les seves oportunitats. L&#8217;empat contra els del J\u00fanior, va deixar un sabor en la boca molt agredol\u00e7, ja que el gol dels visitants va venir d&#8217;una acci\u00f3 individual una miqueta dubtosa despr\u00e9s d&#8217;una falta en atac.<br><br>Els nostres petits de l&#8217;Infantil \u00abA\u00bb hauran de continuar lluitant per a poder arribar m\u00e9s alt.<\/p>\n\n\n\n<p><\/p>\n\n\n\n<hr class=\"wp-block-separator\"\/>\n\n\n\n<p><\/p>\n\n\n\n<p><strong>Infantil \u201cA\u201d 1 &#8211; Junior 1<\/strong><\/p>\n\n\n\n<p>Los chicos del Infantil \u201cA\u201d jugaron su partido en casa. Un infantil de la Grama muy superior al rival que no consigui\u00f3 materializar sus oportunidades. El empate contra los del Junior, dej\u00f3 un sabor en la boca muy agridulce, ya que el gol de los visitantes vino de una acci\u00f3n individual un tanto dudosa tras una falta en ataque.<\/p>\n\n\n\n<p>Nuestros peque\u00f1os del Infantil \u201cA\u201d tendr\u00e1n que seguir luchando para poder llegar m\u00e1s alto.<\/p>\n\n\n\n<p><\/p>\n\n\n\n<hr class=\"wp-block-separator is-style-wide\"\/>\n\n\n\n<p><\/p>\n\n\n\n<p><strong>Acad\u00e8mia\u00a0de l\u2019Hospitalet 7 &#8211; Infantil \u201cC\u201d 0<\/strong><\/p>\n\n\n\n<p>Els nois de l&#8217;Infantil \u201cC\u201d van jugar un partit dif\u00edcil, fora de casa. El partit va comen\u00e7ar molt b\u00e9, amb els de la&nbsp;Grama&nbsp;concentrats i sent ordenats.<br>Un bon gol de falta va obrir el marcador per al rival i a partir d&#8217;aqu\u00ed, van venir altres tres m\u00e9s; una situaci\u00f3 que els de la&nbsp;Grama&nbsp;no van saber revertir.<\/p>\n\n\n\n<p>En la segona part es van fer canvis per a poder donar-li aire nou a l&#8217;equip i perqu\u00e8 tots els nois poguessin tenir minuts, encara que el resultat continuava pujant per als contraris.<\/p>\n\n\n\n<p>Encara aix\u00ed cal esmentar que els visitants, van fer un gran esfor\u00e7 i van arrodonir un bon partit en diversos aspectes, m\u00e9s enll\u00e0 del resultat. Ara toca seguir amb aquesta actitud intentant millorar el marcador.<\/p>\n\n\n\n<p><\/p>\n\n\n\n<hr class=\"wp-block-separator\"\/>\n\n\n\n<p><\/p>\n\n\n\n<p><strong>Acad\u00e8mia de l\u2019Hospitalet 7 &#8211; Infantil \u201cC\u201d 0<\/strong><\/p>\n\n\n\n<p>Los chicos del Infantil \u201cC\u201d jugaron un partido dif\u00edcil, fuera de casa. El partido empez\u00f3 muy bien, con los de la Grama concentrados y siendo ordenados.&nbsp;<\/p>\n\n\n\n<p>Un buen gol de falta abri\u00f3 el marcador para el rival y a partir de ah\u00ed, vinieron otros tres m\u00e1s; una situaci\u00f3n que los de la Grama no supieron revertir.<\/p>\n\n\n\n<p>En la segunda parte se hicieron cambios para poder darle aire nuevo al equipo y para que todos los chicos pudieran tener minutos, aunque el resultado segu\u00eda subiendo para los contrarios.<\/p>\n\n\n\n<p>A\u00fan as\u00ed cabe mencionar que los visitantes, hicieron un gran esfuerzo y redondearon un buen partido en varios aspectos, m\u00e1s all\u00e1 del resultado. Ahora toca seguir con esa actitud intentando mejorar el marcador.<\/p>\n\n\n\n<p><\/p>\n","protected":false},"excerpt":{"rendered":"<p>Infantil \u00abA\u00bb 1 &#8211; J\u00fanior 1 Els nois de l&#8217;Infantil \u00abA\u00bb van jugar el seu partit a casa. Un infantil de la Grama molt superior al rival que no va aconseguir materialitzar les seves oportunitats. L&#8217;empat contra els del J\u00fanior, va deixar un sabor en la boca molt agredol\u00e7, ja que el gol dels visitants [&hellip;]<\/p>\n","protected":false},"author":1,"featured_media":30193,"comment_status":"closed","ping_status":"closed","sticky":false,"template":"","format":"standard","meta":{"footnotes":""},"categories":[4,9],"tags":[],"class_list":["post-30256","post","type-post","status-publish","format-standard","has-post-thumbnail","hentry","category-base-inclusiu","category-infantils"],"_links":{"self":[{"href":"http:\/\/fegrama.cat\/web\/wp-json\/wp\/v2\/posts\/30256","targetHints":{"allow":["GET"]}}],"collection":[{"href":"http:\/\/fegrama.cat\/web\/wp-json\/wp\/v2\/posts"}],"about":[{"href":"http:\/\/fegrama.cat\/web\/wp-json\/wp\/v2\/types\/post"}],"author":[{"embeddable":true,"href":"http:\/\/fegrama.cat\/web\/wp-json\/wp\/v2\/users\/1"}],"replies":[{"embeddable":true,"href":"http:\/\/fegrama.cat\/web\/wp-json\/wp\/v2\/comments?post=30256"}],"version-history":[{"count":3,"href":"http:\/\/fegrama.cat\/web\/wp-json\/wp\/v2\/posts\/30256\/revisions"}],"predecessor-version":[{"id":30259,"href":"http:\/\/fegrama.cat\/web\/wp-json\/wp\/v2\/posts\/30256\/revisions\/30259"}],"wp:featuredmedia":[{"embeddable":true,"href":"http:\/\/fegrama.cat\/web\/wp-json\/wp\/v2\/media\/30193"}],"wp:attachment":[{"href":"http:\/\/fegrama.cat\/web\/wp-json\/wp\/v2\/media?parent=30256"}],"wp:term":[{"taxonomy":"category","embeddable":true,"href":"http:\/\/fegrama.cat\/web\/wp-json\/wp\/v2\/categories?post=30256"},{"taxonomy":"post_tag","embeddable":true,"href":"http:\/\/fegrama.cat\/web\/wp-json\/wp\/v2\/tags?post=30256"}],"curies":[{"name":"wp","href":"https:\/\/api.w.org\/{rel}","templated":true}]}}