{"id":30249,"date":"2022-02-07T10:40:21","date_gmt":"2022-02-07T09:40:21","guid":{"rendered":"http:\/\/fegrama.cat\/web\/?p=30249"},"modified":"2022-02-07T10:40:22","modified_gmt":"2022-02-07T09:40:22","slug":"per-fi-arriba-la-victoria-pel-cadet-c","status":"publish","type":"post","link":"http:\/\/fegrama.cat\/web\/per-fi-arriba-la-victoria-pel-cadet-c\/","title":{"rendered":"PER FI arriba la vict\u00f2ria pel Cadet \u00abC\u00bb!"},"content":{"rendered":"\n<p><strong>Bufal\u00e0 0 &#8211; Cadet \u00abC\u00bb 2<\/strong><\/p>\n\n\n\n<p>El cap de setmana passat els nois del Cadet \u00abC\u00bb van disputar el seu partit setmanal fora de casa. Aquesta vegada en el camp del Bufal\u00e0, un camp de dimensions petites i en molt mal estat. Per sort, els de la Grama saben adaptar-se a tot amb facilitat i en el primer temps ja van venir els dos gols.<br><br>Despr\u00e9s d&#8217;un breu descans per a parlar t\u00e0ctiques, es va seguir en una segona part soferta, per\u00f2 com sempre aguantada i competida.<br><br>L&#8217;actitud dels nostres continua sent positiva i despr\u00e9s de nou partits sense guanyar (i alguns sense mer\u00e8ixer-ho), PER FI va arribar la vict\u00f2ria.<br><\/p>\n\n\n\n<figure class=\"wp-block-image size-large\"><img loading=\"lazy\" decoding=\"async\" width=\"1024\" height=\"768\" src=\"http:\/\/fegrama.cat\/web\/wp-content\/uploads\/2022\/02\/WhatsApp-Image-2022-02-05-at-7.14.23-PM-1024x768.jpeg\" alt=\"\" class=\"wp-image-30250\" srcset=\"http:\/\/fegrama.cat\/web\/wp-content\/uploads\/2022\/02\/WhatsApp-Image-2022-02-05-at-7.14.23-PM-1024x768.jpeg 1024w, http:\/\/fegrama.cat\/web\/wp-content\/uploads\/2022\/02\/WhatsApp-Image-2022-02-05-at-7.14.23-PM-300x225.jpeg 300w, http:\/\/fegrama.cat\/web\/wp-content\/uploads\/2022\/02\/WhatsApp-Image-2022-02-05-at-7.14.23-PM-768x576.jpeg 768w, http:\/\/fegrama.cat\/web\/wp-content\/uploads\/2022\/02\/WhatsApp-Image-2022-02-05-at-7.14.23-PM-1536x1152.jpeg 1536w, http:\/\/fegrama.cat\/web\/wp-content\/uploads\/2022\/02\/WhatsApp-Image-2022-02-05-at-7.14.23-PM.jpeg 1600w\" sizes=\"auto, (max-width: 1024px) 100vw, 1024px\" \/><\/figure>\n\n\n\n<hr class=\"wp-block-separator\"\/>\n\n\n\n<p><\/p>\n\n\n\n<p><strong>Bufal\u00e0 0 &#8211; Cadete \u201cC\u201d 2<\/strong><\/p>\n\n\n\n<p>El fin de semana pasado los chicos del Cadete \u201cC\u201d disputaron su partido semanal fuera de casa. Esta vez en el campo del Bufal\u00e0, un campo de dimensiones peque\u00f1as y en muy mal estado. Por suerte, los de la Grama saben adaptarse a todo con facilidad y en el primer tiempo ya vinieron los dos goles.&nbsp;<\/p>\n\n\n\n<p>Despu\u00e9s de un breve descanso para hablar t\u00e1cticas, se sigui\u00f3 en una segunda parte sufrida, pero como siempre aguantada y competida.<\/p>\n\n\n\n<p>La actitud de los nuestros sigue siendo positiva y despu\u00e9s de nueve partidos sin ganar (y algunos sin merecerlo), POR FIN lleg\u00f3 la victoria.<\/p>\n","protected":false},"excerpt":{"rendered":"<p>Bufal\u00e0 0 &#8211; Cadet \u00abC\u00bb 2 El cap de setmana passat els nois del Cadet \u00abC\u00bb van disputar el seu partit setmanal fora de casa. Aquesta vegada en el camp del Bufal\u00e0, un camp de dimensions petites i en molt mal estat. Per sort, els de la Grama saben adaptar-se a tot amb facilitat i [&hellip;]<\/p>\n","protected":false},"author":1,"featured_media":30250,"comment_status":"closed","ping_status":"closed","sticky":false,"template":"","format":"standard","meta":{"footnotes":""},"categories":[4,7],"tags":[],"class_list":["post-30249","post","type-post","status-publish","format-standard","has-post-thumbnail","hentry","category-base-inclusiu","category-cadets"],"_links":{"self":[{"href":"http:\/\/fegrama.cat\/web\/wp-json\/wp\/v2\/posts\/30249","targetHints":{"allow":["GET"]}}],"collection":[{"href":"http:\/\/fegrama.cat\/web\/wp-json\/wp\/v2\/posts"}],"about":[{"href":"http:\/\/fegrama.cat\/web\/wp-json\/wp\/v2\/types\/post"}],"author":[{"embeddable":true,"href":"http:\/\/fegrama.cat\/web\/wp-json\/wp\/v2\/users\/1"}],"replies":[{"embeddable":true,"href":"http:\/\/fegrama.cat\/web\/wp-json\/wp\/v2\/comments?post=30249"}],"version-history":[{"count":1,"href":"http:\/\/fegrama.cat\/web\/wp-json\/wp\/v2\/posts\/30249\/revisions"}],"predecessor-version":[{"id":30251,"href":"http:\/\/fegrama.cat\/web\/wp-json\/wp\/v2\/posts\/30249\/revisions\/30251"}],"wp:featuredmedia":[{"embeddable":true,"href":"http:\/\/fegrama.cat\/web\/wp-json\/wp\/v2\/media\/30250"}],"wp:attachment":[{"href":"http:\/\/fegrama.cat\/web\/wp-json\/wp\/v2\/media?parent=30249"}],"wp:term":[{"taxonomy":"category","embeddable":true,"href":"http:\/\/fegrama.cat\/web\/wp-json\/wp\/v2\/categories?post=30249"},{"taxonomy":"post_tag","embeddable":true,"href":"http:\/\/fegrama.cat\/web\/wp-json\/wp\/v2\/tags?post=30249"}],"curies":[{"name":"wp","href":"https:\/\/api.w.org\/{rel}","templated":true}]}}