{"id":30245,"date":"2022-02-07T09:51:40","date_gmt":"2022-02-07T08:51:40","guid":{"rendered":"http:\/\/fegrama.cat\/web\/?p=30245"},"modified":"2022-02-07T09:51:40","modified_gmt":"2022-02-07T08:51:40","slug":"merescuda-victoria-del-juvenil-a-al-feliu-i-codina-0-1","status":"publish","type":"post","link":"http:\/\/fegrama.cat\/web\/merescuda-victoria-del-juvenil-a-al-feliu-i-codina-0-1\/","title":{"rendered":"Merescuda vict\u00f2ria del Juvenil A al Feliu i Codina (0-1)"},"content":{"rendered":"\n<p>Important vict\u00f2ria del Juvenil A per 0-1 davant el CF Damm B.<\/p>\n\n\n\n<p>El partit iniciava amb una Fundaci\u00f3 valenta anant a buscar el seu propi camp a un dels millors rivals de la lliga. Els cervesers triangulaven b\u00e9 i en bones triangulacions s&#8217;aproximaven a camp colomenc. Fins a 4 c\u00f3rners consecutius van arribar a llan\u00e7ar els locals davant de la porteria de Marcos en tan sols 10 minuts.<\/p>\n\n\n\n<p>Es defensaven b\u00e9 els colomencs, que lluny de baixar l\u00ednies, reestructuraven el bloc i mantenien una pressi\u00f3 alta. Comen\u00e7ava a sentir-se m\u00e9s c\u00f2moda la Grama, i a poc a poc guanyava terreny a una Damm que ara si es mostrava imprecisa i inc\u00f2moda davant de la pressi\u00f3 blava. Poques ocasions a la primera part i la m\u00e9s clara per als de Manu Pel\u00e1ez.<\/p>\n\n\n\n<p>Fregant el descans el migcampista Pau Mata es plantava davant del porter vermell Alvaro i el seu xut sortia per sobre del travesser. Despr\u00e9s del descans, sortia molt entonada la Grama, ara eren els de Santa Coloma els que jugaven a camp rival, triangulaven b\u00e9 i fruit d&#8217;aix\u00f2 aconseguien en dues ocasions fer mal als cervesers, dues ocasions a c\u00e0rrec del davanter Oliver, que aturava b\u00e9 el meta local.<\/p>\n\n\n\n<p>Ho intentava la Grama, superior en aquesta segona part, i al minut 68 Iker Merino treia un xut amb l&#8217;esquerra en un rebot despr\u00e9s d&#8217;una centrada lateral i enviava la pilota al fons de les malles. 0-1 i molts minuts per endavant.<\/p>\n\n\n\n<p>Els colomencs ajuntaven el bloc i retrocedien l\u00ednies davant d&#8217;una Damm que no aconseguia penetrar el conjunt ordenat de blaus. Final i 3 punts que van marxar per a Santa Coloma.<\/p>\n\n\n\n<blockquote class=\"wp-block-quote is-layout-flow wp-block-quote-is-layout-flow\"><p>Manu Pel\u00e1ez (entrenador FE Grama): \u00abVull destacar la feina d&#8217;equip. Nom\u00e9s els que segueixen la categoria saben com n&#8217;\u00e9s de dif\u00edcil que un equip com la Damm, que \u00e9s el rival que millor tracto d\u00f3na a la pilota, et generi tan poques ocasions de gol.\u00bb<\/p><\/blockquote>\n\n\n\n<div class=\"wp-block-image\"><figure class=\"aligncenter size-large\"><img loading=\"lazy\" decoding=\"async\" width=\"768\" height=\"1024\" src=\"http:\/\/fegrama.cat\/web\/wp-content\/uploads\/2022\/02\/juvenilAdamm-768x1024.jpeg\" alt=\"\" class=\"wp-image-30247\" srcset=\"http:\/\/fegrama.cat\/web\/wp-content\/uploads\/2022\/02\/juvenilAdamm-768x1024.jpeg 768w, http:\/\/fegrama.cat\/web\/wp-content\/uploads\/2022\/02\/juvenilAdamm-225x300.jpeg 225w, http:\/\/fegrama.cat\/web\/wp-content\/uploads\/2022\/02\/juvenilAdamm-1152x1536.jpeg 1152w, http:\/\/fegrama.cat\/web\/wp-content\/uploads\/2022\/02\/juvenilAdamm.jpeg 1536w\" sizes=\"auto, (max-width: 768px) 100vw, 768px\" \/><\/figure><\/div>\n\n\n\n<p>Importante victoria del Juvenil A por 0-1 ante el CF Damm B.<\/p>\n\n\n\n<p>El partido iniciaba con una Fundaci\u00f3 valiente yendo a buscar a su propio campo a uno de los mejores rivales de la liga. Los cerveceros triangulaban bien y en buenas triangulaciones se aproximaban a campo colomense. Hasta 4 c\u00f3rners consecutivos llegaron a lanzar los locales ante la porter\u00eda de Marcos en tan solo 10 minutos. <\/p>\n\n\n\n<p>Se defend\u00edan bien los colomenses, que lejos de bajar l\u00edneas, reestructuraban el bloque y manten\u00edan una presi\u00f3n alta. Empezaba a sentirse m\u00e1s c\u00f3moda la Grama, y poco a poco ganaba terreno a una Damm que ahora si se mostraba imprecisa e inc\u00f3moda ante la presi\u00f3n azulona. Pocas ocasiones en la primera parte y la m\u00e1s clara para los de Manu Pel\u00e1ez.<\/p>\n\n\n\n<p>Fregando el descanso el mediocampista Pau Mata se plantaba delante del portero rojillo Alvaro y su disparo sal\u00eda por encima del larguero. Tras el descanso, sal\u00eda muy entonada la Grama, ahora eran los de Santa Coloma los que jugaban en campo rival, triangulaban bien y fruto de ello consegu\u00edan en dos ocasiones hacer da\u00f1o a los cerveceros, dos ocasiones a cargo del delantero Oliver, que atajaba bien el meta local. <\/p>\n\n\n\n<p>Lo intentaba la Grama, superior en esta segunda parte, y en el minuto 68 Iker Merino sacaba un zurdazo en un rebote tras un centro lateral y enviaba el bal\u00f3n al fondo de las mallas. 0-1 y muchos minutos por delante.<\/p>\n\n\n\n<p>Los colomenses juntaban el bloque y retroced\u00edan l\u00edneas ante una Damm que no consegu\u00eda penetrar el conjunto ordenado de azules. Final y 3 puntos que se marcharon para Santa Coloma.<\/p>\n\n\n\n<blockquote class=\"wp-block-quote is-layout-flow wp-block-quote-is-layout-flow\"><p>Manu Pel\u00e1ez (entrenador FE Grama): \u00abQuiero destacar el trabajo de equipo. Solo los que siguen la categor\u00eda saben lo dif\u00edcil que es que un equipo como la Damm, que es el rival que mejor trato da al bal\u00f3n, te genere tan pocas ocasiones de gol.\u00bb<\/p><\/blockquote>\n","protected":false},"excerpt":{"rendered":"<p>Important vict\u00f2ria del Juvenil A per 0-1 davant el CF Damm B. El partit iniciava amb una Fundaci\u00f3 valenta anant a buscar el seu propi camp a un dels millors rivals de la lliga. Els cervesers triangulaven b\u00e9 i en bones triangulacions s&#8217;aproximaven a camp colomenc. Fins a 4 c\u00f3rners consecutius van arribar a llan\u00e7ar [&hellip;]<\/p>\n","protected":false},"author":1,"featured_media":30247,"comment_status":"closed","ping_status":"closed","sticky":false,"template":"","format":"standard","meta":{"footnotes":""},"categories":[4,6],"tags":[],"class_list":["post-30245","post","type-post","status-publish","format-standard","has-post-thumbnail","hentry","category-base-inclusiu","category-juvenils"],"_links":{"self":[{"href":"http:\/\/fegrama.cat\/web\/wp-json\/wp\/v2\/posts\/30245","targetHints":{"allow":["GET"]}}],"collection":[{"href":"http:\/\/fegrama.cat\/web\/wp-json\/wp\/v2\/posts"}],"about":[{"href":"http:\/\/fegrama.cat\/web\/wp-json\/wp\/v2\/types\/post"}],"author":[{"embeddable":true,"href":"http:\/\/fegrama.cat\/web\/wp-json\/wp\/v2\/users\/1"}],"replies":[{"embeddable":true,"href":"http:\/\/fegrama.cat\/web\/wp-json\/wp\/v2\/comments?post=30245"}],"version-history":[{"count":2,"href":"http:\/\/fegrama.cat\/web\/wp-json\/wp\/v2\/posts\/30245\/revisions"}],"predecessor-version":[{"id":30248,"href":"http:\/\/fegrama.cat\/web\/wp-json\/wp\/v2\/posts\/30245\/revisions\/30248"}],"wp:featuredmedia":[{"embeddable":true,"href":"http:\/\/fegrama.cat\/web\/wp-json\/wp\/v2\/media\/30247"}],"wp:attachment":[{"href":"http:\/\/fegrama.cat\/web\/wp-json\/wp\/v2\/media?parent=30245"}],"wp:term":[{"taxonomy":"category","embeddable":true,"href":"http:\/\/fegrama.cat\/web\/wp-json\/wp\/v2\/categories?post=30245"},{"taxonomy":"post_tag","embeddable":true,"href":"http:\/\/fegrama.cat\/web\/wp-json\/wp\/v2\/tags?post=30245"}],"curies":[{"name":"wp","href":"https:\/\/api.w.org\/{rel}","templated":true}]}}