{"id":3024,"date":"2014-03-28T08:41:05","date_gmt":"2014-03-28T07:41:05","guid":{"rendered":"http:\/\/fegrama.cat\/web\/?p=3024"},"modified":"2014-03-26T19:44:55","modified_gmt":"2014-03-26T18:44:55","slug":"el-lider-prebenjami-a-fegrama-es-desplacara-dissabte-al-camp-de-lescola-performance","status":"publish","type":"post","link":"http:\/\/fegrama.cat\/web\/el-lider-prebenjami-a-fegrama-es-desplacara-dissabte-al-camp-de-lescola-performance\/","title":{"rendered":"El l\u00edder Prebenjam\u00ed A FEGrama es despla\u00e7ar\u00e0 dissabte al camp de l&#8217;Escola Performance"},"content":{"rendered":"<p>El Prebenjam\u00ed A FEGrama segueix a la part m\u00e9s alta de la taula d&#8217;aquest grup 19 a la vict\u00f2ria contra Canyelles, nov\u00e8 amb 21 punts, per un rotund 15-0 a la jornada 21.<\/p>\n<p>Els nois dirigits per Jonathan Serrat, entrenador del Prebenjam\u00ed A FEGrama, voldran ampliar la difer\u00e8ncia amb els immediats perseguidors, l&#8217;Hospitalense a nom\u00e8s dos punts i el Collblanc a sis tamb\u00e9 on aquests dos conjunts rivals van empatar a la passada jornada abans del Carnestoltes.<\/p>\n<p>A la jornada 22, el conjunt de la FEG anir\u00e0 al camp G\u00e9minis Futbol Set de l&#8217;Escola Performance, set\u00e8 amb 32 punts, el dissabte 29 de mar\u00e7 des de les 12:00 hores.<\/p>\n<p>[divider]<\/p>\n<p>[button color=\u00bbblue\u00bb size=\u00bbsmall\u00bb link=\u00bbhttp:\/\/www.fcf.cat\/pnfg\/NPcd\/NFG_VisClasificacion?cod_primaria=1000120&amp;codgrupo=18700796&amp;codcompeticion=18473321&#8243; target=\u00bbblank\u00bb ]Resultats[\/button]<\/p>\n<p>[button color=\u00bbblue\u00bb size=\u00bbsmall\u00bb link=\u00bbhttp:\/\/www.fcf.cat\/pnfg\/NFG_CmpJornada?cod_primaria=1000120&amp;CodCompeticion=18473321&amp;CodGrupo=18700796&amp;CodTemporada=9&amp;CodJornada=10&#8243; target=\u00bbblank\u00bb ]Classificaci\u00f3[\/button]<\/p>\n<p>El Prebenjam\u00edn A FEGRAM sigue en la parte m\u00e1s alta de la tabla de este grupo 19 en la victoria contra Canyelles, noveno con 21 puntos, por un rotundo 15-0 en la jornada 21.<\/p>\n<p>Los chicos dirigidos por Jonathan Serrat, entrenador del Prebenjam\u00edn A FEGRAM, querr\u00e1n ampliar la diferencia con los inmediatos perseguidores, el Hospitalense a s\u00f3lo dos puntos y el Collblanc a seis tambi\u00e9n donde estos dos conjuntos rivales empataron en la pasada jornada antes del Carnaval.<\/p>\n<p>En la jornada 22, el conjunto de la FEG ir\u00e1 al campo G\u00e9minis F\u00fatbol Siete de la Escuela Performance, s\u00e9ptimo con 32 puntos, el s\u00e1bado 29 de marzo desde las 12:00 horas.<\/p>\n<p><strong>Visca l&#8217;Esperit Grama!!!<\/strong><\/p>\n","protected":false},"excerpt":{"rendered":"<p>El Prebenjam\u00ed A FEGrama segueix a la part m\u00e9s alta de la taula d&#8217;aquest grup 19 a la vict\u00f2ria contra Canyelles, nov\u00e8 amb 21 punts, per un rotund 15-0 a la jornada 21. Els nois dirigits per Jonathan Serrat, entrenador del Prebenjam\u00ed A FEGrama, voldran ampliar la difer\u00e8ncia amb els immediats perseguidors, l&#8217;Hospitalense a nom\u00e8s [&hellip;]<\/p>\n","protected":false},"author":1,"featured_media":0,"comment_status":"closed","ping_status":"closed","sticky":false,"template":"","format":"standard","meta":{"footnotes":""},"categories":[4,12],"tags":[],"class_list":["post-3024","post","type-post","status-publish","format-standard","hentry","category-base-inclusiu","category-prebenjamins"],"_links":{"self":[{"href":"http:\/\/fegrama.cat\/web\/wp-json\/wp\/v2\/posts\/3024","targetHints":{"allow":["GET"]}}],"collection":[{"href":"http:\/\/fegrama.cat\/web\/wp-json\/wp\/v2\/posts"}],"about":[{"href":"http:\/\/fegrama.cat\/web\/wp-json\/wp\/v2\/types\/post"}],"author":[{"embeddable":true,"href":"http:\/\/fegrama.cat\/web\/wp-json\/wp\/v2\/users\/1"}],"replies":[{"embeddable":true,"href":"http:\/\/fegrama.cat\/web\/wp-json\/wp\/v2\/comments?post=3024"}],"version-history":[{"count":1,"href":"http:\/\/fegrama.cat\/web\/wp-json\/wp\/v2\/posts\/3024\/revisions"}],"predecessor-version":[{"id":3026,"href":"http:\/\/fegrama.cat\/web\/wp-json\/wp\/v2\/posts\/3024\/revisions\/3026"}],"wp:attachment":[{"href":"http:\/\/fegrama.cat\/web\/wp-json\/wp\/v2\/media?parent=3024"}],"wp:term":[{"taxonomy":"category","embeddable":true,"href":"http:\/\/fegrama.cat\/web\/wp-json\/wp\/v2\/categories?post=3024"},{"taxonomy":"post_tag","embeddable":true,"href":"http:\/\/fegrama.cat\/web\/wp-json\/wp\/v2\/tags?post=3024"}],"curies":[{"name":"wp","href":"https:\/\/api.w.org\/{rel}","templated":true}]}}